{"id":7785,"date":"2023-08-10T21:40:53","date_gmt":"2023-08-10T19:40:53","guid":{"rendered":"https:\/\/www.dannegru.com\/?p=7785"},"modified":"2023-08-10T21:40:53","modified_gmt":"2023-08-10T19:40:53","slug":"marea-cea-scumpa","status":"publish","type":"post","link":"https:\/\/www.dannegru.com\/?p=7785","title":{"rendered":"Marea cea scump\u0103 &#8230;"},"content":{"rendered":"\n<p>Marea era scump\u0103 \u00eenc\u0103 de pe vremea lui Eminescu.C\u00e2nd a ajuns prima dat\u0103 la mare,la 32 de ani, i-a trimis o scrisoare iubitei lui, Veronica\u2026&#8221;Via\u021ba e scump\u0103 pe aici, dar nu at\u00e2t de exagerat de scump\u0103 pe c\u00e2t mi se descria&#8221; \u00eei scria Eminescu iubitei lui.<\/p>\n\n\n\n<p>&#8222;Draga mea Veronic\u0103,<br \/>Am venit ieri la malul marii pe care o v\u0103d prima dat\u0103 \u015fi am f\u0103cut deja dou\u0103 b\u0103i de mare, cari promit a\u2011mi face mult bine, de\u015fi pe-aici e frig \u00eenc\u0103 \u015fi apa m\u0103rii nu e destul de cald\u0103 pentru b\u0103i. De-aceea sunt unul din cei dent\u00e2i sosi\u0163i aci pentru b\u0103i \u015fi nimeni nu se scald\u0103 \u00eenc\u0103 afar\u0103 de mine. N\u2011o s\u0103 stau aci dec\u00e2t vro zece zile \u015fi apoi iar m\u0103-ntorc la Bucure\u015fti. O s\u0103 m\u0103-ntrebi ce efect mi\u2011a f\u0103cut marea, pe care\u2011o v\u0103z pentru-nt\u00e2ia oar\u0103? Efectul unei nem\u0103rginiri pururea mi\u015fcate. Dar, abia de dou\u0103 zile aici, n\u2011am v\u0103zut\u2011o \u00een toate fe\u0163ele c\u0103ci ea e schimb\u0103cioas\u0103 la coloare \u015fi \u00een mi\u015fc\u0103ri, de unde unii o \u015fi compar\u0103 cu femeia.<br \/>Imi place noaptea cand pe \u00eentunerec marea \u00ee\u015fi merit\u0103 numele ei de neagr\u0103. Via\u0163a e cam scump\u0103 aci, dar nu at\u00e2t de exagerat de scump\u0103 precum mi se descria, mai ales de c\u00e2nd s\u2011au deschis c\u00e2teva oteluri. La anul s\u0103 \u015ftii c\u0103 venim am\u00e2ndoi aci, c\u0103ci b\u0103ile de mare \u00eent\u0103resc \u015fi gr\u0103besc b\u0103t\u0103ile inimei. Cu toate c\u0103 omul pare a \u00eentineri de ele, privirea m\u0103rii lini\u015fte\u015fte, mai ales sufletele furtunoase. \u015eed \u00eentr\u2011o mansard\u0103 \u015fi privirea mi\u2011e deschis\u0103 din dou\u0103 p\u0103r\u0163i asupra m\u0103rii, pe care a\u015f vrea s\u0103 plutesc cu tine. Dar aceasta nefiind cu putin\u0163\u0103, te s\u0103rut cu dulce, draga mea Veronic\u0103, \u015fi r\u0103m\u00e2n al t\u0103u Mihai Eminescu&#8221;<\/p>\n\n\n\n<figure class=\"wp-block-gallery has-nested-images columns-default is-cropped wp-block-gallery-1 is-layout-flex wp-block-gallery-is-layout-flex\">\n<figure class=\"wp-block-image size-large\"><img loading=\"lazy\" decoding=\"async\" width=\"320\" height=\"240\" data-id=\"7786\" src=\"https:\/\/www.dannegru.com\/wp-content\/uploads\/2023\/08\/IMG_3941.jpeg\" alt=\"\" class=\"wp-image-7786\"\/><\/figure>\n<\/figure>\n","protected":false},"excerpt":{"rendered":"<p>Marea era scump\u0103 \u00eenc\u0103 de pe vremea lui Eminescu.C\u00e2nd a ajuns prima dat\u0103 la mare,la 32 de ani, i-a trimis o scrisoare iubitei lui, Veronica\u2026&#8221;Via\u021ba e scump\u0103 pe aici, dar nu at\u00e2t de exagerat de scump\u0103 pe c\u00e2t mi se &hellip; <a href=\"https:\/\/www.dannegru.com\/?p=7785\">Continu\u0103 s\u0103 cite\u0219ti <span class=\"meta-nav\">&rarr;<\/span><\/a><\/p>\n","protected":false},"author":2,"featured_media":0,"comment_status":"closed","ping_status":"closed","sticky":false,"template":"","format":"standard","meta":{"_monsterinsights_skip_tracking":false,"_monsterinsights_sitenote_active":false,"_monsterinsights_sitenote_note":"","_monsterinsights_sitenote_category":0,"footnotes":""},"categories":[1],"tags":[],"class_list":["post-7785","post","type-post","status-publish","format-standard","hentry","category-scrise-cu-negru"],"_links":{"self":[{"href":"https:\/\/www.dannegru.com\/index.php?rest_route=\/wp\/v2\/posts\/7785"}],"collection":[{"href":"https:\/\/www.dannegru.com\/index.php?rest_route=\/wp\/v2\/posts"}],"about":[{"href":"https:\/\/www.dannegru.com\/index.php?rest_route=\/wp\/v2\/types\/post"}],"author":[{"embeddable":true,"href":"https:\/\/www.dannegru.com\/index.php?rest_route=\/wp\/v2\/users\/2"}],"replies":[{"embeddable":true,"href":"https:\/\/www.dannegru.com\/index.php?rest_route=%2Fwp%2Fv2%2Fcomments&post=7785"}],"version-history":[{"count":1,"href":"https:\/\/www.dannegru.com\/index.php?rest_route=\/wp\/v2\/posts\/7785\/revisions"}],"predecessor-version":[{"id":7787,"href":"https:\/\/www.dannegru.com\/index.php?rest_route=\/wp\/v2\/posts\/7785\/revisions\/7787"}],"wp:attachment":[{"href":"https:\/\/www.dannegru.com\/index.php?rest_route=%2Fwp%2Fv2%2Fmedia&parent=7785"}],"wp:term":[{"taxonomy":"category","embeddable":true,"href":"https:\/\/www.dannegru.com\/index.php?rest_route=%2Fwp%2Fv2%2Fcategories&post=7785"},{"taxonomy":"post_tag","embeddable":true,"href":"https:\/\/www.dannegru.com\/index.php?rest_route=%2Fwp%2Fv2%2Ftags&post=7785"}],"curies":[{"name":"wp","href":"https:\/\/api.w.org\/{rel}","templated":true}]}}