{"id":7780,"date":"2023-07-17T16:04:10","date_gmt":"2023-07-17T14:04:10","guid":{"rendered":"https:\/\/www.dannegru.com\/?p=7780"},"modified":"2023-07-17T16:04:10","modified_gmt":"2023-07-17T14:04:10","slug":"victima","status":"publish","type":"post","link":"https:\/\/www.dannegru.com\/?p=7780","title":{"rendered":"Victima"},"content":{"rendered":"\n<p>Prima victim\u0103 celebr\u0103 a discrimin\u0103rii de varst\u0103 a fost M\u0103d\u0103lina Manole. V\u0103d \u0219tiri despre comemorarea ei zilele astea, ziele in care se vorbe\u0219te mult despre b\u0103tr\u00e2ne\u021be. M\u0103d\u0103lina era considerat\u0103 batr\u00e2n\u0103 la 35 de ani! &#8222;Trecut\u0103 de prima tinere\u021be&#8221; scriau ziarele despre ea la 35 de ani! Era mult mai t\u00e2n\u0103ra dec\u00e2t sunt azi Smiley sau Delia, era de v\u00e2rsta lui Dorian Popa, azi.<br \/>N-am \u0219tiut niciodat\u0103 cum s\u0103-i explic de ce televiziunile n-o mai voiau atunci. Era perioada in care televiziunile si radiourile c\u0103utau doar publicul t\u00e2n\u0103r \u00eentre 18-49 ani \u0219i orice p\u0103rea vechi sau rom\u00e2nesc era respins. M\u0103d\u0103lina n-a rezistat. S\u0103 n-o judec\u0103m ! &#8222;Daca ii judeci pe oameni, nu ai timp sa ii iubesti.&#8221; credea Maica Tereza.<br \/>Moral, noi to\u021bi \u0103\u0219tia care ne-am f\u0103cut treaba prin televiziuni, prin agen\u021bii de publicitate sau prin media in anii \u0103ia suntem criminalii M\u0103d\u0103linei. M\u0103d\u0103lina a fost prima victim\u0103 a discrimin\u0103rii de v\u00e2rst\u0103 din showbizu&#8217; rom\u00e2nesc !<br \/>\u0218i noi, complicii crimei. S\u0103 ne \u00eenv\u0103\u021b\u0103m m\u0103car copiii c\u0103 a \u00eenainta in v\u00e2rst\u0103 nu insemn\u0103 c\u0103 \u00eemb\u0103tr\u00e2ne\u0219ti. \u00censemn\u0103 ca tr\u0103ie\u0219ti !<\/p>\n\n\n\n<figure class=\"wp-block-image size-large\"><img loading=\"lazy\" decoding=\"async\" width=\"1000\" height=\"852\" src=\"https:\/\/www.dannegru.com\/wp-content\/uploads\/2023\/07\/4C37FE89-CDB5-49AC-AAFF-7ACE93CF95AB-1000x852.jpeg\" alt=\"\" class=\"wp-image-7781\" srcset=\"https:\/\/www.dannegru.com\/wp-content\/uploads\/2023\/07\/4C37FE89-CDB5-49AC-AAFF-7ACE93CF95AB-1000x852.jpeg 1000w, https:\/\/www.dannegru.com\/wp-content\/uploads\/2023\/07\/4C37FE89-CDB5-49AC-AAFF-7ACE93CF95AB-768x654.jpeg 768w, https:\/\/www.dannegru.com\/wp-content\/uploads\/2023\/07\/4C37FE89-CDB5-49AC-AAFF-7ACE93CF95AB-1536x1308.jpeg 1536w, https:\/\/www.dannegru.com\/wp-content\/uploads\/2023\/07\/4C37FE89-CDB5-49AC-AAFF-7ACE93CF95AB.jpeg 1883w\" sizes=\"(max-width: 1000px) 100vw, 1000px\" \/><\/figure>\n","protected":false},"excerpt":{"rendered":"<p>Prima victim\u0103 celebr\u0103 a discrimin\u0103rii de varst\u0103 a fost M\u0103d\u0103lina Manole. V\u0103d \u0219tiri despre comemorarea ei zilele astea, ziele in care se vorbe\u0219te mult despre b\u0103tr\u00e2ne\u021be. M\u0103d\u0103lina era considerat\u0103 batr\u00e2n\u0103 la 35 de ani! &#8222;Trecut\u0103 de prima tinere\u021be&#8221; scriau ziarele &hellip; <a href=\"https:\/\/www.dannegru.com\/?p=7780\">Continu\u0103 s\u0103 cite\u0219ti <span class=\"meta-nav\">&rarr;<\/span><\/a><\/p>\n","protected":false},"author":2,"featured_media":0,"comment_status":"closed","ping_status":"closed","sticky":false,"template":"","format":"standard","meta":{"_monsterinsights_skip_tracking":false,"_monsterinsights_sitenote_active":false,"_monsterinsights_sitenote_note":"","_monsterinsights_sitenote_category":0,"footnotes":""},"categories":[1],"tags":[],"class_list":["post-7780","post","type-post","status-publish","format-standard","hentry","category-scrise-cu-negru"],"_links":{"self":[{"href":"https:\/\/www.dannegru.com\/index.php?rest_route=\/wp\/v2\/posts\/7780"}],"collection":[{"href":"https:\/\/www.dannegru.com\/index.php?rest_route=\/wp\/v2\/posts"}],"about":[{"href":"https:\/\/www.dannegru.com\/index.php?rest_route=\/wp\/v2\/types\/post"}],"author":[{"embeddable":true,"href":"https:\/\/www.dannegru.com\/index.php?rest_route=\/wp\/v2\/users\/2"}],"replies":[{"embeddable":true,"href":"https:\/\/www.dannegru.com\/index.php?rest_route=%2Fwp%2Fv2%2Fcomments&post=7780"}],"version-history":[{"count":1,"href":"https:\/\/www.dannegru.com\/index.php?rest_route=\/wp\/v2\/posts\/7780\/revisions"}],"predecessor-version":[{"id":7782,"href":"https:\/\/www.dannegru.com\/index.php?rest_route=\/wp\/v2\/posts\/7780\/revisions\/7782"}],"wp:attachment":[{"href":"https:\/\/www.dannegru.com\/index.php?rest_route=%2Fwp%2Fv2%2Fmedia&parent=7780"}],"wp:term":[{"taxonomy":"category","embeddable":true,"href":"https:\/\/www.dannegru.com\/index.php?rest_route=%2Fwp%2Fv2%2Fcategories&post=7780"},{"taxonomy":"post_tag","embeddable":true,"href":"https:\/\/www.dannegru.com\/index.php?rest_route=%2Fwp%2Fv2%2Ftags&post=7780"}],"curies":[{"name":"wp","href":"https:\/\/api.w.org\/{rel}","templated":true}]}}