{"id":7617,"date":"2021-12-20T09:32:05","date_gmt":"2021-12-20T07:32:05","guid":{"rendered":"http:\/\/www.dannegru.com\/?p=7617"},"modified":"2021-12-20T09:32:05","modified_gmt":"2021-12-20T07:32:05","slug":"copiii-de-decembrie","status":"publish","type":"post","link":"https:\/\/www.dannegru.com\/?p=7617","title":{"rendered":"Copiii de Decembrie"},"content":{"rendered":"\n<p>Sunt sigur c\u0103 n-a\u021bi auzit de C\u0103t\u0103lin Andronic.<br \/>S-a n\u0103scut pe 23 noiembrie 1989 si c\u00e2nd a \u00eemplinit o luna de via\u021b\u0103, pe 23 dec \u201889, un glon\u021b r\u0103zle\u021b a intrat pe geamul apartamentului \u0219i l-a nimerit in cap.<br \/>Inainte de a muri a agonizat o or\u0103 sub ochii p\u0103rin\u021bilor.<br \/>Copii de rom\u00e2ni, uci\u0219i de rom\u00e2ni.<br \/>Azi , dup\u0103 32 de ani, ar fi fost oameni maturi.<br \/>Criminalii copiilor din Decembrie &#8217;89 nu au fost niciodat\u0103 g\u0103si\u021bi.<br \/>Nu exista niciun monument care s\u0103 aminteasc\u0103 de copiii uci\u0219i atunci.<br \/>Si \u00een afara p\u0103rin\u021bilor , nimeni nu le mai \u0219tie numele:<\/p>\n\n\n\n<p>\u2022 Catalin ANDRONIC, Bucure\u015fti, o lun\u0103.<br \/>\u2022 Cristina LUNGU, Timi\u015foara, 2 ani.<br \/>\u2022 C\u0103t\u0103lina ANGHEL, 3 ani ucis\u0103 \u00een<br \/>Bucure\u015fti, \u00eempreun\u0103 cu mama ei<br \/>\u2022 Alin Paul CHIRC\u0102, Sibiu, 3 ani<br \/>\u2022 Samir TULU\u015e, 5 ani, Constan\u0163a<br \/>\u2022 Corina RO\u015eCA, Bra\u015fov, 6 ani<br \/>\u2022 Cristina AFLOAREI, Timi\u015foara, 7 ani,<br \/>\u2022 Laura &#8211; Adreia NEGRU\u0162IU, Timi\u015foara, 9 ani<br \/>\u2022 Adriana ATANASIE , Re\u015fi\u0163a, 10 ani.<br \/>\u2022 Adrian-Florin NEGRU, Bra\u015fov, 12 ani<br \/>\u2022 Petri\u015for BOZAR, Timi\u015foara, 13 ani,<br \/>\u2022 Lumini\u0163a BO\u0162OC, Timi\u015foara, 13 ani,<br \/>\u2022 Octavian BURCIOAICA, Bucure\u015fti, 13 ani,<br \/>\u2022 Adriana V\u0103s\u0103i CHIRI\u0162\u0102, Bucure\u015fti, 13 ani,<br \/>\u2022 Cosmin DOGA, Constan\u0163a, 13 ani,<br \/>\u2022 Marian NICULESCU, Bucure\u015fti, 13 ani<br \/>\u2022 Adina CHIRI\u0162\u0102, Constan\u0163a, 13 ani<br \/>\u2022 Gabriela TAKO, Timi\u015foara, 14 ani<br \/>\u2022 George-Eduard ATOMEI, Bra\u015fov, 16 ani<br \/>\u2022 Nicu\u015for COCHIRLEANU, Bucure\u015fti, 16 ani<br \/>\u2022 Costel POENAR, Cluj, 16 ani<br \/>\u2022 Raluca Mihaela S\u0102L\u0102JAN, Bucure\u015fti, 16 ani<br \/>\u2022 Florian TIAN Florian, Bucure\u015fti, 16 ani<br \/>\u2022 Gheorghe CORDUNEANU, Bra\u015fov, 17 ani<br \/>\u2022 Alexandru Radu IONESCU, Bucure\u015fti, 17 ani<br \/>\u2022 Constantin IOSUB, Timi\u015foara, 17 ani,<br \/>\u2022 Gheorghe Iosif KELEMEN, Timi\u015foara, 17 ani<br \/>\u2022 Leonard KILINGER, Bucure\u015fti, 17 ani<br \/>\u2022 Iulian Liviu MARIN, Bucure\u015fti, 17 ani<br \/>\u2022 Victor MATEESCU, Bucure\u015fti, 17 ani<br \/>\u2022 Radu Alexandru M\u0102NESCU, Bucure\u015fti, 17 ani<br \/>\u2022 Constantin-Cristian R\u0102DULESCU , Bucure\u015fti, 17 ani<br \/>\u2022 Ilie TELECEAN, Timi\u015foara, 17 ani<br \/>\u2022 Vanea TIMO\u015eENCO, Bucure\u015fti, 17 ani<br \/>\u2022 Vasile TINACUI, Bucure\u015fti, 17 ani<br \/>\u2022 C\u0103t\u0103lin- Florentin VLADU, Bucure\u015fti, 17 ani<\/p>\n\n\n\n<figure class=\"wp-block-gallery columns-1 is-cropped wp-block-gallery-1 is-layout-flex wp-block-gallery-is-layout-flex\"><ul class=\"blocks-gallery-grid\"><li class=\"blocks-gallery-item\"><figure><img loading=\"lazy\" decoding=\"async\" width=\"695\" height=\"1000\" src=\"https:\/\/www.dannegru.com\/wp-content\/uploads\/2021\/12\/AA52E182-B639-4076-B0D6-B1263E0AEA71-695x1000.jpeg\" alt=\"\" data-id=\"7618\" data-full-url=\"https:\/\/www.dannegru.com\/wp-content\/uploads\/2021\/12\/AA52E182-B639-4076-B0D6-B1263E0AEA71-scaled.jpeg\" data-link=\"https:\/\/www.dannegru.com\/?attachment_id=7618\" class=\"wp-image-7618\" srcset=\"https:\/\/www.dannegru.com\/wp-content\/uploads\/2021\/12\/AA52E182-B639-4076-B0D6-B1263E0AEA71-695x1000.jpeg 695w, https:\/\/www.dannegru.com\/wp-content\/uploads\/2021\/12\/AA52E182-B639-4076-B0D6-B1263E0AEA71-768x1105.jpeg 768w, https:\/\/www.dannegru.com\/wp-content\/uploads\/2021\/12\/AA52E182-B639-4076-B0D6-B1263E0AEA71-1068x1536.jpeg 1068w, https:\/\/www.dannegru.com\/wp-content\/uploads\/2021\/12\/AA52E182-B639-4076-B0D6-B1263E0AEA71-1424x2048.jpeg 1424w, https:\/\/www.dannegru.com\/wp-content\/uploads\/2021\/12\/AA52E182-B639-4076-B0D6-B1263E0AEA71-scaled.jpeg 1779w\" sizes=\"(max-width: 695px) 100vw, 695px\" \/><\/figure><\/li><\/ul><\/figure>\n","protected":false},"excerpt":{"rendered":"<p>Sunt sigur c\u0103 n-a\u021bi auzit de C\u0103t\u0103lin Andronic.S-a n\u0103scut pe 23 noiembrie 1989 si c\u00e2nd a \u00eemplinit o luna de via\u021b\u0103, pe 23 dec \u201889, un glon\u021b r\u0103zle\u021b a intrat pe geamul apartamentului \u0219i l-a nimerit in cap.Inainte de a &hellip; <a href=\"https:\/\/www.dannegru.com\/?p=7617\">Continu\u0103 s\u0103 cite\u0219ti <span class=\"meta-nav\">&rarr;<\/span><\/a><\/p>\n","protected":false},"author":2,"featured_media":0,"comment_status":"open","ping_status":"open","sticky":false,"template":"","format":"standard","meta":{"_monsterinsights_skip_tracking":false,"_monsterinsights_sitenote_active":false,"_monsterinsights_sitenote_note":"","_monsterinsights_sitenote_category":0,"footnotes":""},"categories":[1],"tags":[],"class_list":["post-7617","post","type-post","status-publish","format-standard","hentry","category-scrise-cu-negru"],"_links":{"self":[{"href":"https:\/\/www.dannegru.com\/index.php?rest_route=\/wp\/v2\/posts\/7617"}],"collection":[{"href":"https:\/\/www.dannegru.com\/index.php?rest_route=\/wp\/v2\/posts"}],"about":[{"href":"https:\/\/www.dannegru.com\/index.php?rest_route=\/wp\/v2\/types\/post"}],"author":[{"embeddable":true,"href":"https:\/\/www.dannegru.com\/index.php?rest_route=\/wp\/v2\/users\/2"}],"replies":[{"embeddable":true,"href":"https:\/\/www.dannegru.com\/index.php?rest_route=%2Fwp%2Fv2%2Fcomments&post=7617"}],"version-history":[{"count":1,"href":"https:\/\/www.dannegru.com\/index.php?rest_route=\/wp\/v2\/posts\/7617\/revisions"}],"predecessor-version":[{"id":7619,"href":"https:\/\/www.dannegru.com\/index.php?rest_route=\/wp\/v2\/posts\/7617\/revisions\/7619"}],"wp:attachment":[{"href":"https:\/\/www.dannegru.com\/index.php?rest_route=%2Fwp%2Fv2%2Fmedia&parent=7617"}],"wp:term":[{"taxonomy":"category","embeddable":true,"href":"https:\/\/www.dannegru.com\/index.php?rest_route=%2Fwp%2Fv2%2Fcategories&post=7617"},{"taxonomy":"post_tag","embeddable":true,"href":"https:\/\/www.dannegru.com\/index.php?rest_route=%2Fwp%2Fv2%2Ftags&post=7617"}],"curies":[{"name":"wp","href":"https:\/\/api.w.org\/{rel}","templated":true}]}}