{"id":7578,"date":"2021-10-01T08:45:14","date_gmt":"2021-10-01T06:45:14","guid":{"rendered":"http:\/\/www.dannegru.com\/?p=7578"},"modified":"2021-10-01T08:45:14","modified_gmt":"2021-10-01T06:45:14","slug":"timisoara-3","status":"publish","type":"post","link":"https:\/\/www.dannegru.com\/?p=7578","title":{"rendered":"Timisoara"},"content":{"rendered":"\n<p>Am \u00eenchis, Dane. N-am mai putut&#8221; mi-a spus Karol, colegul meu de la general\u0103 14 din Fratelia, Timisoara.<br \/>Avea o afacere cu trei microbuze luate pe leasing.<br \/>Intr-o \u021bar\u0103 f\u0103r\u0103 clas\u0103 de mijloc, c\u00e2nd criza sanitar\u0103 o s\u0103 lase loc celei economice \u0219i c\u00e2nd &#8222;helicopter money&#8221; va disp\u0103rea, cei boga\u021bi vor fi \u0219i mai boga\u021bi \u0219i cei s\u0103raci vor fi \u0219i mai mul\u021bi.<br \/>Caut o \u00eencurajare zilele astea pentru ai mei, pentru timi\u0219oreni.<br \/>Timisoara e in carantin\u0103\u2026<br \/>Le-a\u0219 spune s\u0103 se opreasc\u0103 in Pia\u021ba Unirii acolo unde e statuia ridicat\u0103 in amintirea ciumei.<br \/>Dup\u0103 pandemia de atunci, economia a crescut brusc pentru c\u0103 boala a schimbat atitudinea oamenilor fa\u021b\u0103 de consum \u0219i d\u00e2ndu-\u0219i seama c\u0103 via\u021ba e prea scurt\u0103,oamenii au \u00eenceput s\u0103 se bucure de ea.<br \/>Cre\u0219terea consumului dup\u0103 epidemia de cium\u0103 a netezit drumul spre Rena\u0219tere in Europa.<br \/>Fritz, spune-i asta lui Karol care \u0219i-a \u00eenchis afacerea.<br \/>Spune-le timi\u0219orenilor c\u0103 \u0219paisurile vor rezista!<br \/>Spune-le s\u0103 nu le fie fric\u0103!<br \/>Frica nu opre\u0219te moartea, frica opre\u0219te via\u021ba!<\/p>\n\n\n\n<figure class=\"wp-block-image size-large\"><img loading=\"lazy\" decoding=\"async\" width=\"1000\" height=\"754\" src=\"https:\/\/www.dannegru.com\/wp-content\/uploads\/2021\/10\/D853D397-C695-4FFA-9CCC-40049549D609-1000x754.jpeg\" alt=\"\" class=\"wp-image-7579\" srcset=\"https:\/\/www.dannegru.com\/wp-content\/uploads\/2021\/10\/D853D397-C695-4FFA-9CCC-40049549D609-1000x754.jpeg 1000w, https:\/\/www.dannegru.com\/wp-content\/uploads\/2021\/10\/D853D397-C695-4FFA-9CCC-40049549D609-768x579.jpeg 768w, https:\/\/www.dannegru.com\/wp-content\/uploads\/2021\/10\/D853D397-C695-4FFA-9CCC-40049549D609-1536x1159.jpeg 1536w, https:\/\/www.dannegru.com\/wp-content\/uploads\/2021\/10\/D853D397-C695-4FFA-9CCC-40049549D609.jpeg 1702w\" sizes=\"(max-width: 1000px) 100vw, 1000px\" \/><\/figure>\n\n\n\n<p><\/p>\n","protected":false},"excerpt":{"rendered":"<p>Am \u00eenchis, Dane. N-am mai putut&#8221; mi-a spus Karol, colegul meu de la general\u0103 14 din Fratelia, Timisoara.Avea o afacere cu trei microbuze luate pe leasing.Intr-o \u021bar\u0103 f\u0103r\u0103 clas\u0103 de mijloc, c\u00e2nd criza sanitar\u0103 o s\u0103 lase loc celei economice &hellip; <a href=\"https:\/\/www.dannegru.com\/?p=7578\">Continu\u0103 s\u0103 cite\u0219ti <span class=\"meta-nav\">&rarr;<\/span><\/a><\/p>\n","protected":false},"author":2,"featured_media":0,"comment_status":"open","ping_status":"open","sticky":false,"template":"","format":"standard","meta":{"_monsterinsights_skip_tracking":false,"_monsterinsights_sitenote_active":false,"_monsterinsights_sitenote_note":"","_monsterinsights_sitenote_category":0,"footnotes":""},"categories":[1],"tags":[],"class_list":["post-7578","post","type-post","status-publish","format-standard","hentry","category-scrise-cu-negru"],"_links":{"self":[{"href":"https:\/\/www.dannegru.com\/index.php?rest_route=\/wp\/v2\/posts\/7578"}],"collection":[{"href":"https:\/\/www.dannegru.com\/index.php?rest_route=\/wp\/v2\/posts"}],"about":[{"href":"https:\/\/www.dannegru.com\/index.php?rest_route=\/wp\/v2\/types\/post"}],"author":[{"embeddable":true,"href":"https:\/\/www.dannegru.com\/index.php?rest_route=\/wp\/v2\/users\/2"}],"replies":[{"embeddable":true,"href":"https:\/\/www.dannegru.com\/index.php?rest_route=%2Fwp%2Fv2%2Fcomments&post=7578"}],"version-history":[{"count":1,"href":"https:\/\/www.dannegru.com\/index.php?rest_route=\/wp\/v2\/posts\/7578\/revisions"}],"predecessor-version":[{"id":7580,"href":"https:\/\/www.dannegru.com\/index.php?rest_route=\/wp\/v2\/posts\/7578\/revisions\/7580"}],"wp:attachment":[{"href":"https:\/\/www.dannegru.com\/index.php?rest_route=%2Fwp%2Fv2%2Fmedia&parent=7578"}],"wp:term":[{"taxonomy":"category","embeddable":true,"href":"https:\/\/www.dannegru.com\/index.php?rest_route=%2Fwp%2Fv2%2Fcategories&post=7578"},{"taxonomy":"post_tag","embeddable":true,"href":"https:\/\/www.dannegru.com\/index.php?rest_route=%2Fwp%2Fv2%2Ftags&post=7578"}],"curies":[{"name":"wp","href":"https:\/\/api.w.org\/{rel}","templated":true}]}}