{"id":7418,"date":"2020-10-15T08:34:42","date_gmt":"2020-10-15T06:34:42","guid":{"rendered":"http:\/\/www.dannegru.com\/?p=7418"},"modified":"2020-10-15T08:34:42","modified_gmt":"2020-10-15T06:34:42","slug":"masura","status":"publish","type":"post","link":"https:\/\/www.dannegru.com\/?p=7418","title":{"rendered":"M\u0103sura"},"content":{"rendered":"\n<p>Acu&#8217; ni\u0219te ani era cool s\u0103 spui c\u0103 e\u0219ti religios a\u0219a cum azi d\u0103 bine anti-religia.<br \/>Unii dintre \u0103ia religio\u0219i de atunci sunt haterii religie acum.<\/p>\n\n\n\n<p>In istoria debate-urilor preziden\u021biale e memorabil\u0103 \u00eentrebarea lui Constantinescu c\u0103tre Iliescu: &#8222;Credeti in Dumnezeu, domnule Iliescu ?&#8221;<br \/>Constantinescu era atunci cool \u0219i religios pe c\u00e2nd Iliescu era comunist \u0219i ateu.<br \/>\u00centrebarea l-a f\u0103cut K.O pe Iliescu pentru c\u0103 trendul era religia.<\/p>\n\n\n\n<p>Dac\u0103 azi ar fi debate-ul \u0103la, cu \u00eentrebarea asta , Iliescu ar fi erou ! \ud83d\ude02<\/p>\n\n\n\n<p>N-avem cale de mijloc.<br \/>Ori fani, ori hateri.<br \/>M\u0103sura! N-o g\u0103sim\u2026<\/p>\n\n\n\n<p>Fotografia e de la Pelerinajul de la Fatima :<\/p>\n\n\n\n<figure class=\"wp-block-image size-large\"><img loading=\"lazy\" decoding=\"async\" width=\"1000\" height=\"1000\" src=\"https:\/\/www.dannegru.com\/wp-content\/uploads\/2020\/10\/2FA8513C-96EC-48A5-BC0A-C8C08D88D122-1000x1000.jpeg\" alt=\"\" class=\"wp-image-7419\" srcset=\"https:\/\/www.dannegru.com\/wp-content\/uploads\/2020\/10\/2FA8513C-96EC-48A5-BC0A-C8C08D88D122-1000x1000.jpeg 1000w, https:\/\/www.dannegru.com\/wp-content\/uploads\/2020\/10\/2FA8513C-96EC-48A5-BC0A-C8C08D88D122-768x768.jpeg 768w, https:\/\/www.dannegru.com\/wp-content\/uploads\/2020\/10\/2FA8513C-96EC-48A5-BC0A-C8C08D88D122-1536x1536.jpeg 1536w, https:\/\/www.dannegru.com\/wp-content\/uploads\/2020\/10\/2FA8513C-96EC-48A5-BC0A-C8C08D88D122.jpeg 1920w\" sizes=\"(max-width: 1000px) 100vw, 1000px\" \/><\/figure>\n","protected":false},"excerpt":{"rendered":"<p>Acu&#8217; ni\u0219te ani era cool s\u0103 spui c\u0103 e\u0219ti religios a\u0219a cum azi d\u0103 bine anti-religia.Unii dintre \u0103ia religio\u0219i de atunci sunt haterii religie acum. In istoria debate-urilor preziden\u021biale e memorabil\u0103 \u00eentrebarea lui Constantinescu c\u0103tre Iliescu: &#8222;Credeti in Dumnezeu, domnule &hellip; <a href=\"https:\/\/www.dannegru.com\/?p=7418\">Continu\u0103 s\u0103 cite\u0219ti <span class=\"meta-nav\">&rarr;<\/span><\/a><\/p>\n","protected":false},"author":2,"featured_media":0,"comment_status":"open","ping_status":"open","sticky":false,"template":"","format":"standard","meta":{"_monsterinsights_skip_tracking":false,"_monsterinsights_sitenote_active":false,"_monsterinsights_sitenote_note":"","_monsterinsights_sitenote_category":0,"footnotes":""},"categories":[1],"tags":[],"class_list":["post-7418","post","type-post","status-publish","format-standard","hentry","category-scrise-cu-negru"],"_links":{"self":[{"href":"https:\/\/www.dannegru.com\/index.php?rest_route=\/wp\/v2\/posts\/7418"}],"collection":[{"href":"https:\/\/www.dannegru.com\/index.php?rest_route=\/wp\/v2\/posts"}],"about":[{"href":"https:\/\/www.dannegru.com\/index.php?rest_route=\/wp\/v2\/types\/post"}],"author":[{"embeddable":true,"href":"https:\/\/www.dannegru.com\/index.php?rest_route=\/wp\/v2\/users\/2"}],"replies":[{"embeddable":true,"href":"https:\/\/www.dannegru.com\/index.php?rest_route=%2Fwp%2Fv2%2Fcomments&post=7418"}],"version-history":[{"count":1,"href":"https:\/\/www.dannegru.com\/index.php?rest_route=\/wp\/v2\/posts\/7418\/revisions"}],"predecessor-version":[{"id":7420,"href":"https:\/\/www.dannegru.com\/index.php?rest_route=\/wp\/v2\/posts\/7418\/revisions\/7420"}],"wp:attachment":[{"href":"https:\/\/www.dannegru.com\/index.php?rest_route=%2Fwp%2Fv2%2Fmedia&parent=7418"}],"wp:term":[{"taxonomy":"category","embeddable":true,"href":"https:\/\/www.dannegru.com\/index.php?rest_route=%2Fwp%2Fv2%2Fcategories&post=7418"},{"taxonomy":"post_tag","embeddable":true,"href":"https:\/\/www.dannegru.com\/index.php?rest_route=%2Fwp%2Fv2%2Ftags&post=7418"}],"curies":[{"name":"wp","href":"https:\/\/api.w.org\/{rel}","templated":true}]}}