{"id":7358,"date":"2020-07-25T08:31:19","date_gmt":"2020-07-25T06:31:19","guid":{"rendered":"http:\/\/www.dannegru.com\/?p=7358"},"modified":"2020-07-25T08:31:19","modified_gmt":"2020-07-25T06:31:19","slug":"335","status":"publish","type":"post","link":"https:\/\/www.dannegru.com\/?p=7358","title":{"rendered":"335"},"content":{"rendered":"\n<p>Unul din cei mai b\u0103tr\u00e2ni copaci din Rom\u00e2nia a ajuns un co\u0219 de gunoi.<br \/>335 de ani are platanul \u0103sta din Timisoara \u0219i le-a prins pe toate ,de la pa\u0219al\u00e2cul turcesc, p\u00e2n\u0103 la Imperiul Austro-Ungar \u0219i Rom\u00e2nia Mare.<br \/>\u0218i \u00eenc\u0103 e in putere!<br \/>C\u00e2nd eram copil m\u0103 enerva pentru c\u0103 era in mijlocul \u0219oselei.<br \/>Habar n-aveam c\u0103 e un arbore secular pentru c\u0103 niciun indicator nu spunea asta.<br \/>Mi-a spus-o t\u00e2rziu profesorul Deliu Petroiu, un c\u0103rturar al Banatului.<br \/>Nici azi nu e vreo pl\u0103cu\u021b\u0103 care s\u0103-i spun\u0103 povestea.<br \/>A r\u0103mas anonim in mijlocul unui drum asfaltat \u0219i nimeni nu \u0219tie ce e cu el acolo.<br \/>A\u0219a c\u0103 la 335 de ani a ajuns un co\u0219 de gunoi.<\/p>\n\n\n\n<figure class=\"wp-block-image size-large\"><img loading=\"lazy\" decoding=\"async\" width=\"665\" height=\"1000\" src=\"https:\/\/www.dannegru.com\/wp-content\/uploads\/2020\/07\/918E7ECC-0787-4567-9CF1-6D55F1F1FF72-665x1000.jpeg\" alt=\"\" class=\"wp-image-7359\" srcset=\"https:\/\/www.dannegru.com\/wp-content\/uploads\/2020\/07\/918E7ECC-0787-4567-9CF1-6D55F1F1FF72-665x1000.jpeg 665w, https:\/\/www.dannegru.com\/wp-content\/uploads\/2020\/07\/918E7ECC-0787-4567-9CF1-6D55F1F1FF72-768x1156.jpeg 768w, https:\/\/www.dannegru.com\/wp-content\/uploads\/2020\/07\/918E7ECC-0787-4567-9CF1-6D55F1F1FF72-1021x1536.jpeg 1021w, https:\/\/www.dannegru.com\/wp-content\/uploads\/2020\/07\/918E7ECC-0787-4567-9CF1-6D55F1F1FF72.jpeg 1276w\" sizes=\"(max-width: 665px) 100vw, 665px\" \/><\/figure>\n","protected":false},"excerpt":{"rendered":"<p>Unul din cei mai b\u0103tr\u00e2ni copaci din Rom\u00e2nia a ajuns un co\u0219 de gunoi.335 de ani are platanul \u0103sta din Timisoara \u0219i le-a prins pe toate ,de la pa\u0219al\u00e2cul turcesc, p\u00e2n\u0103 la Imperiul Austro-Ungar \u0219i Rom\u00e2nia Mare.\u0218i \u00eenc\u0103 e in &hellip; <a href=\"https:\/\/www.dannegru.com\/?p=7358\">Continu\u0103 s\u0103 cite\u0219ti <span class=\"meta-nav\">&rarr;<\/span><\/a><\/p>\n","protected":false},"author":2,"featured_media":0,"comment_status":"open","ping_status":"open","sticky":false,"template":"","format":"standard","meta":{"_monsterinsights_skip_tracking":false,"_monsterinsights_sitenote_active":false,"_monsterinsights_sitenote_note":"","_monsterinsights_sitenote_category":0,"footnotes":""},"categories":[1],"tags":[],"class_list":["post-7358","post","type-post","status-publish","format-standard","hentry","category-scrise-cu-negru"],"_links":{"self":[{"href":"https:\/\/www.dannegru.com\/index.php?rest_route=\/wp\/v2\/posts\/7358"}],"collection":[{"href":"https:\/\/www.dannegru.com\/index.php?rest_route=\/wp\/v2\/posts"}],"about":[{"href":"https:\/\/www.dannegru.com\/index.php?rest_route=\/wp\/v2\/types\/post"}],"author":[{"embeddable":true,"href":"https:\/\/www.dannegru.com\/index.php?rest_route=\/wp\/v2\/users\/2"}],"replies":[{"embeddable":true,"href":"https:\/\/www.dannegru.com\/index.php?rest_route=%2Fwp%2Fv2%2Fcomments&post=7358"}],"version-history":[{"count":1,"href":"https:\/\/www.dannegru.com\/index.php?rest_route=\/wp\/v2\/posts\/7358\/revisions"}],"predecessor-version":[{"id":7360,"href":"https:\/\/www.dannegru.com\/index.php?rest_route=\/wp\/v2\/posts\/7358\/revisions\/7360"}],"wp:attachment":[{"href":"https:\/\/www.dannegru.com\/index.php?rest_route=%2Fwp%2Fv2%2Fmedia&parent=7358"}],"wp:term":[{"taxonomy":"category","embeddable":true,"href":"https:\/\/www.dannegru.com\/index.php?rest_route=%2Fwp%2Fv2%2Fcategories&post=7358"},{"taxonomy":"post_tag","embeddable":true,"href":"https:\/\/www.dannegru.com\/index.php?rest_route=%2Fwp%2Fv2%2Ftags&post=7358"}],"curies":[{"name":"wp","href":"https:\/\/api.w.org\/{rel}","templated":true}]}}