{"id":7343,"date":"2020-07-11T08:40:59","date_gmt":"2020-07-11T06:40:59","guid":{"rendered":"http:\/\/www.dannegru.com\/?p=7343"},"modified":"2020-07-11T08:42:22","modified_gmt":"2020-07-11T06:42:22","slug":"romania-mica","status":"publish","type":"post","link":"https:\/\/www.dannegru.com\/?p=7343","title":{"rendered":"Rom\u00e2nia Mic\u0103"},"content":{"rendered":"\n<p>Spune\u021bi-o \u0219i pe asta c\u00e2nd vorbi\u021bi despre litoral:<br \/>412 km era litoralul rom\u00e2nesc in vremea Rom\u00e2niei Mari.<br \/>De la Bugazu ( azi in Ucraina) p\u00e2n\u0103 la Ecrina ( azi in Bulgaria).<br \/>Azi mai avem 245 km.<\/p>\n\n\n\n<p>Am pierdut 167 de km de litoral rom\u00e2nesc !<br \/>Nimeni nu spune nimic despre asta.<br \/>Suntem mielu\u0219ei. Politically correct.<\/p>\n\n\n\n<figure class=\"wp-block-image size-large\"><img decoding=\"async\" src=\"blob:https:\/\/www.dannegru.com\/a1f03690-204a-44af-9fae-2eaac068adf9\" alt=\"\"\/><\/figure>\n\n\n\n<figure class=\"wp-block-image size-large\"><img loading=\"lazy\" decoding=\"async\" width=\"1000\" height=\"750\" src=\"https:\/\/www.dannegru.com\/wp-content\/uploads\/2020\/07\/8709C3CA-A44E-4E1C-A7F2-958C6E1E555B-1000x750.jpeg\" alt=\"\" class=\"wp-image-7346\" srcset=\"https:\/\/www.dannegru.com\/wp-content\/uploads\/2020\/07\/8709C3CA-A44E-4E1C-A7F2-958C6E1E555B-1000x750.jpeg 1000w, https:\/\/www.dannegru.com\/wp-content\/uploads\/2020\/07\/8709C3CA-A44E-4E1C-A7F2-958C6E1E555B-768x576.jpeg 768w, https:\/\/www.dannegru.com\/wp-content\/uploads\/2020\/07\/8709C3CA-A44E-4E1C-A7F2-958C6E1E555B-1536x1152.jpeg 1536w, https:\/\/www.dannegru.com\/wp-content\/uploads\/2020\/07\/8709C3CA-A44E-4E1C-A7F2-958C6E1E555B.jpeg 2048w\" sizes=\"(max-width: 1000px) 100vw, 1000px\" \/><\/figure>\n","protected":false},"excerpt":{"rendered":"<p>Spune\u021bi-o \u0219i pe asta c\u00e2nd vorbi\u021bi despre litoral:412 km era litoralul rom\u00e2nesc in vremea Rom\u00e2niei Mari.De la Bugazu ( azi in Ucraina) p\u00e2n\u0103 la Ecrina ( azi in Bulgaria).Azi mai avem 245 km. Am pierdut 167 de km de litoral &hellip; <a href=\"https:\/\/www.dannegru.com\/?p=7343\">Continu\u0103 s\u0103 cite\u0219ti <span class=\"meta-nav\">&rarr;<\/span><\/a><\/p>\n","protected":false},"author":2,"featured_media":0,"comment_status":"open","ping_status":"open","sticky":false,"template":"","format":"standard","meta":{"_monsterinsights_skip_tracking":false,"_monsterinsights_sitenote_active":false,"_monsterinsights_sitenote_note":"","_monsterinsights_sitenote_category":0,"footnotes":""},"categories":[1],"tags":[],"class_list":["post-7343","post","type-post","status-publish","format-standard","hentry","category-scrise-cu-negru"],"_links":{"self":[{"href":"https:\/\/www.dannegru.com\/index.php?rest_route=\/wp\/v2\/posts\/7343"}],"collection":[{"href":"https:\/\/www.dannegru.com\/index.php?rest_route=\/wp\/v2\/posts"}],"about":[{"href":"https:\/\/www.dannegru.com\/index.php?rest_route=\/wp\/v2\/types\/post"}],"author":[{"embeddable":true,"href":"https:\/\/www.dannegru.com\/index.php?rest_route=\/wp\/v2\/users\/2"}],"replies":[{"embeddable":true,"href":"https:\/\/www.dannegru.com\/index.php?rest_route=%2Fwp%2Fv2%2Fcomments&post=7343"}],"version-history":[{"count":2,"href":"https:\/\/www.dannegru.com\/index.php?rest_route=\/wp\/v2\/posts\/7343\/revisions"}],"predecessor-version":[{"id":7347,"href":"https:\/\/www.dannegru.com\/index.php?rest_route=\/wp\/v2\/posts\/7343\/revisions\/7347"}],"wp:attachment":[{"href":"https:\/\/www.dannegru.com\/index.php?rest_route=%2Fwp%2Fv2%2Fmedia&parent=7343"}],"wp:term":[{"taxonomy":"category","embeddable":true,"href":"https:\/\/www.dannegru.com\/index.php?rest_route=%2Fwp%2Fv2%2Fcategories&post=7343"},{"taxonomy":"post_tag","embeddable":true,"href":"https:\/\/www.dannegru.com\/index.php?rest_route=%2Fwp%2Fv2%2Ftags&post=7343"}],"curies":[{"name":"wp","href":"https:\/\/api.w.org\/{rel}","templated":true}]}}