{"id":7295,"date":"2020-06-10T16:29:00","date_gmt":"2020-06-10T14:29:00","guid":{"rendered":"http:\/\/www.dannegru.com\/?p=7295"},"modified":"2020-06-10T17:51:36","modified_gmt":"2020-06-10T15:51:36","slug":"pe-aripile-comunistilor","status":"publish","type":"post","link":"https:\/\/www.dannegru.com\/?p=7295","title":{"rendered":"Pe aripile comuni\u0219tilor"},"content":{"rendered":"\n<p>&#8222;Gone with The Wind&#8221; \/ &#8222;Pe aripile v\u00e2ntului&#8221; e un spin vechi in cultura american\u0103.<br \/>Dar noi suntem revolta\u021bi \u0219i avem p\u0103reri.<\/p>\n\n\n\n<p>Nu suntem revolta\u021bi c\u0103 televiziunile rom\u00e2ne\u0219ti difuzeaz\u0103 s\u0103pt\u0103m\u00e2nal filme cu propagand\u0103 comunist\u0103 dar ne enerveaz\u0103 ce fac americanii cu &#8222;Pe aripile v\u00e2ntului&#8221;.<\/p>\n\n\n\n<p>Interzicerea filmului era o chestiune de timp \u0219i \u0103sta a fost momentul prielnic.<br \/>Stia\u021bi c\u0103 la premiera filmului organizatorii au imbr\u0103cat ca\u021biva negri in sclavi ca sa redea atmosfera filmului?<br \/>Printre ei se afla un copil de 10 ani: Martin Luther King Jr. care avea sa devin\u0103 cel mai mare lupt\u0103tor pentru drepturile celor de culoare din America.<br \/>Prezen\u021ba lui Martin Luther King la premiera filmului e un subiect vechi, controversat \u0219i dezb\u0103tut in istoria Americii.<\/p>\n\n\n\n<p>Ca sa-i intelegem, e ca si cum ar exista un film in care evreii de la Auschwitz sau detinutii din lagarele din Siberia ar juca rolul unor oameni fericiti. Asta e reprosul inca de acum 50 de ani !<\/p>\n\n\n\n<p>De asta e bine sa \u0219tim c\u0103 &#8222;Gone with The wind&#8221; e o disput\u0103 veche in cultura american\u0103 \u0219i greu de \u00een\u021beles de noi.<\/p>\n\n\n\n<p>Dac\u0103 i-ai arata unui american filmele rom\u00e2ne\u0219ti cu comuni\u0219ti n-ar avea nicio p\u0103rere. C\u0103 n-au trecut prin asta.<br \/>Familia mea, deportat\u0103 in B\u0103t\u0103gan de comuni\u0219tii, vede \u00eens\u0103 altfel filmele cu propaganda comunist\u0103 difuzate s\u0103pt\u0103m\u00e2nal la televizor.<\/p>\n\n\n\n<p>Uite de asta intr-o \u021bara in care organizatile politice cu caracter comunist sunt interzise prin lege cer \u0219i eu CNA sa scoat\u0103 in afara legii filmele cu propaganda comunist\u0103.<br \/>N-o va face evident dar \u00eenainte s\u0103-i judecam pe ei cu &#8222;Aripile V\u00e2ntului&#8221; s\u0103 d\u0103m o tur\u0103 \u0219i in curtea noastr\u0103.<\/p>\n\n\n\n<figure class=\"wp-block-image size-large\"><img loading=\"lazy\" decoding=\"async\" width=\"1000\" height=\"592\" src=\"https:\/\/www.dannegru.com\/wp-content\/uploads\/2020\/06\/1ADD765B-047F-4D31-A483-3ACE96B55B92-1000x592.jpeg\" alt=\"\" class=\"wp-image-7296\" srcset=\"https:\/\/www.dannegru.com\/wp-content\/uploads\/2020\/06\/1ADD765B-047F-4D31-A483-3ACE96B55B92-1000x592.jpeg 1000w, https:\/\/www.dannegru.com\/wp-content\/uploads\/2020\/06\/1ADD765B-047F-4D31-A483-3ACE96B55B92-768x455.jpeg 768w, https:\/\/www.dannegru.com\/wp-content\/uploads\/2020\/06\/1ADD765B-047F-4D31-A483-3ACE96B55B92-1536x909.jpeg 1536w, https:\/\/www.dannegru.com\/wp-content\/uploads\/2020\/06\/1ADD765B-047F-4D31-A483-3ACE96B55B92.jpeg 1909w\" sizes=\"(max-width: 1000px) 100vw, 1000px\" \/><\/figure>\n","protected":false},"excerpt":{"rendered":"<p>&#8222;Gone with The Wind&#8221; \/ &#8222;Pe aripile v\u00e2ntului&#8221; e un spin vechi in cultura american\u0103.Dar noi suntem revolta\u021bi \u0219i avem p\u0103reri. Nu suntem revolta\u021bi c\u0103 televiziunile rom\u00e2ne\u0219ti difuzeaz\u0103 s\u0103pt\u0103m\u00e2nal filme cu propagand\u0103 comunist\u0103 dar ne enerveaz\u0103 ce fac americanii cu &hellip; <a href=\"https:\/\/www.dannegru.com\/?p=7295\">Continu\u0103 s\u0103 cite\u0219ti <span class=\"meta-nav\">&rarr;<\/span><\/a><\/p>\n","protected":false},"author":2,"featured_media":0,"comment_status":"open","ping_status":"open","sticky":false,"template":"","format":"standard","meta":{"_monsterinsights_skip_tracking":false,"_monsterinsights_sitenote_active":false,"_monsterinsights_sitenote_note":"","_monsterinsights_sitenote_category":0,"footnotes":""},"categories":[1],"tags":[],"class_list":["post-7295","post","type-post","status-publish","format-standard","hentry","category-scrise-cu-negru"],"_links":{"self":[{"href":"https:\/\/www.dannegru.com\/index.php?rest_route=\/wp\/v2\/posts\/7295"}],"collection":[{"href":"https:\/\/www.dannegru.com\/index.php?rest_route=\/wp\/v2\/posts"}],"about":[{"href":"https:\/\/www.dannegru.com\/index.php?rest_route=\/wp\/v2\/types\/post"}],"author":[{"embeddable":true,"href":"https:\/\/www.dannegru.com\/index.php?rest_route=\/wp\/v2\/users\/2"}],"replies":[{"embeddable":true,"href":"https:\/\/www.dannegru.com\/index.php?rest_route=%2Fwp%2Fv2%2Fcomments&post=7295"}],"version-history":[{"count":2,"href":"https:\/\/www.dannegru.com\/index.php?rest_route=\/wp\/v2\/posts\/7295\/revisions"}],"predecessor-version":[{"id":7298,"href":"https:\/\/www.dannegru.com\/index.php?rest_route=\/wp\/v2\/posts\/7295\/revisions\/7298"}],"wp:attachment":[{"href":"https:\/\/www.dannegru.com\/index.php?rest_route=%2Fwp%2Fv2%2Fmedia&parent=7295"}],"wp:term":[{"taxonomy":"category","embeddable":true,"href":"https:\/\/www.dannegru.com\/index.php?rest_route=%2Fwp%2Fv2%2Fcategories&post=7295"},{"taxonomy":"post_tag","embeddable":true,"href":"https:\/\/www.dannegru.com\/index.php?rest_route=%2Fwp%2Fv2%2Ftags&post=7295"}],"curies":[{"name":"wp","href":"https:\/\/api.w.org\/{rel}","templated":true}]}}