{"id":7292,"date":"2020-06-07T11:25:14","date_gmt":"2020-06-07T09:25:14","guid":{"rendered":"http:\/\/www.dannegru.com\/?p=7292"},"modified":"2020-06-07T11:25:14","modified_gmt":"2020-06-07T09:25:14","slug":"rusalii-2","status":"publish","type":"post","link":"https:\/\/www.dannegru.com\/?p=7292","title":{"rendered":"Rusalii"},"content":{"rendered":"\n<p>Am v\u0103zut zilele astea vreo doua filme cu propagand\u0103 comunist\u0103 la televizor. Le vezi mereu, sunt la liber, nici nu mai realizezi ca sunt filme de propagand\u0103 de dinainte de &#8217;89.<\/p>\n\n\n\n<p>Dar nu exist\u0103 niciun film rom\u00e2nesc despre drama de Rusalii.<\/p>\n\n\n\n<p>In ziua de Rusalii a lui 1951 , 12 mii de familii din Banat au fost deportate in C\u00e2mpia Baraganului.<\/p>\n\n\n\n<p>Cunosc bine povestea deport\u0103rii pentru c\u0103 am auzit-o de multe ori acas\u0103, to\u021bi ai mei, mama, tata, bunicii din partea mamei \u0219i din partea tat\u0103lui au fost arunca\u021bi in vagoane de vite si du\u0219i in B\u0103r\u0103gan.<br \/>Vinova\u021bi pentru c\u0103 erau \u021b\u0103rani \u00eenst\u0103ri\u021bi din Banat numi\u021bi &#8222;chiaburi&#8221;.<br \/>&#8222;Sa-i lovim pe intelectuali, pe industria\u0219i \u0219i pe \u021b\u0103ranii \u00eenst\u0103ri\u021bi \u0219i s\u0103 aducem la putere clasa de jos&#8221; a zis Dej, pre\u0219edintele Rom\u0103niei de atunci.<\/p>\n\n\n\n<p>\u0218i copiii \u0103lora din clasa de jos de atunci s-au f\u0103cut mari \u0219i milionari azi \ud83d\ude02\ud83d\ude21<\/p>\n\n\n\n<p>Niciun film rom\u00e2nesc n-a spus vreodat\u0103 drama deport\u0103rii de Rusalii.<br \/>Siberia Rom\u00e2niei .<\/p>\n\n\n\n<figure class=\"wp-block-image size-large\"><img loading=\"lazy\" decoding=\"async\" width=\"700\" height=\"433\" src=\"https:\/\/www.dannegru.com\/wp-content\/uploads\/2020\/06\/6C07231A-3969-4B2E-B719-0D32A7CB961E.jpeg\" alt=\"\" class=\"wp-image-7293\"\/><\/figure>\n","protected":false},"excerpt":{"rendered":"<p>Am v\u0103zut zilele astea vreo doua filme cu propagand\u0103 comunist\u0103 la televizor. Le vezi mereu, sunt la liber, nici nu mai realizezi ca sunt filme de propagand\u0103 de dinainte de &#8217;89. Dar nu exist\u0103 niciun film rom\u00e2nesc despre drama de &hellip; <a href=\"https:\/\/www.dannegru.com\/?p=7292\">Continu\u0103 s\u0103 cite\u0219ti <span class=\"meta-nav\">&rarr;<\/span><\/a><\/p>\n","protected":false},"author":2,"featured_media":0,"comment_status":"open","ping_status":"open","sticky":false,"template":"","format":"standard","meta":{"_monsterinsights_skip_tracking":false,"_monsterinsights_sitenote_active":false,"_monsterinsights_sitenote_note":"","_monsterinsights_sitenote_category":0,"footnotes":""},"categories":[1],"tags":[],"class_list":["post-7292","post","type-post","status-publish","format-standard","hentry","category-scrise-cu-negru"],"_links":{"self":[{"href":"https:\/\/www.dannegru.com\/index.php?rest_route=\/wp\/v2\/posts\/7292"}],"collection":[{"href":"https:\/\/www.dannegru.com\/index.php?rest_route=\/wp\/v2\/posts"}],"about":[{"href":"https:\/\/www.dannegru.com\/index.php?rest_route=\/wp\/v2\/types\/post"}],"author":[{"embeddable":true,"href":"https:\/\/www.dannegru.com\/index.php?rest_route=\/wp\/v2\/users\/2"}],"replies":[{"embeddable":true,"href":"https:\/\/www.dannegru.com\/index.php?rest_route=%2Fwp%2Fv2%2Fcomments&post=7292"}],"version-history":[{"count":1,"href":"https:\/\/www.dannegru.com\/index.php?rest_route=\/wp\/v2\/posts\/7292\/revisions"}],"predecessor-version":[{"id":7294,"href":"https:\/\/www.dannegru.com\/index.php?rest_route=\/wp\/v2\/posts\/7292\/revisions\/7294"}],"wp:attachment":[{"href":"https:\/\/www.dannegru.com\/index.php?rest_route=%2Fwp%2Fv2%2Fmedia&parent=7292"}],"wp:term":[{"taxonomy":"category","embeddable":true,"href":"https:\/\/www.dannegru.com\/index.php?rest_route=%2Fwp%2Fv2%2Fcategories&post=7292"},{"taxonomy":"post_tag","embeddable":true,"href":"https:\/\/www.dannegru.com\/index.php?rest_route=%2Fwp%2Fv2%2Ftags&post=7292"}],"curies":[{"name":"wp","href":"https:\/\/api.w.org\/{rel}","templated":true}]}}