{"id":7215,"date":"2020-05-10T15:53:43","date_gmt":"2020-05-10T13:53:43","guid":{"rendered":"http:\/\/www.dannegru.com\/?p=7215"},"modified":"2020-05-10T15:53:43","modified_gmt":"2020-05-10T13:53:43","slug":"10-mai","status":"publish","type":"post","link":"https:\/\/www.dannegru.com\/?p=7215","title":{"rendered":"10 mai"},"content":{"rendered":"<p>10 mai a fost ziua Rom\u00e2niei p\u00e2n\u0103 in 1947.<br \/>\nN-am f\u0103cut public\u0103 fotografia asta.<br \/>\nE din &#8222;celalat\u0103 via\u021b\u0103&#8221; a mea pe care o \u021bin in dulap \ud83d\ude09<br \/>\nAnii &#8217;90 c\u00e2nd regalitatea era o alternativ\u0103 \u0219i Proclama\u021bia de la Timisoara era o speran\u021b\u0103.<br \/>\nE o fotografie rar\u0103 cu aproape toat\u0103 familia regal\u0103 adunat\u0103 laolalt\u0103.<br \/>\nIntr-o singura poz\u0103.<br \/>\nL\u00e2ng\u0103 Regina Ana e a doua fiic\u0103 a Regelui Mihai, alaturi de sotul ei.<br \/>\nO alta aparitie rara in public.<br \/>\nAzi, 10 mai.<br \/>\nZiua Rom\u00e2niei, c\u00e2ndva.<a href=\"https:\/\/www.dannegru.com\/wp-content\/uploads\/2020\/05\/96519575_3147784728575780_4128865010694750208_n.jpg\"><img loading=\"lazy\" decoding=\"async\" src=\"https:\/\/www.dannegru.com\/wp-content\/uploads\/2020\/05\/96519575_3147784728575780_4128865010694750208_n.jpg\" alt=\"\" width=\"640\" height=\"480\" class=\"aligncenter size-full wp-image-7216\" \/><\/a><\/p>\n","protected":false},"excerpt":{"rendered":"<p>10 mai a fost ziua Rom\u00e2niei p\u00e2n\u0103 in 1947. N-am f\u0103cut public\u0103 fotografia asta. E din &#8222;celalat\u0103 via\u021b\u0103&#8221; a mea pe care o \u021bin in dulap \ud83d\ude09 Anii &#8217;90 c\u00e2nd regalitatea era o alternativ\u0103 \u0219i Proclama\u021bia de la Timisoara era &hellip; <a href=\"https:\/\/www.dannegru.com\/?p=7215\">Continu\u0103 s\u0103 cite\u0219ti <span class=\"meta-nav\">&rarr;<\/span><\/a><\/p>\n","protected":false},"author":2,"featured_media":0,"comment_status":"open","ping_status":"open","sticky":false,"template":"","format":"standard","meta":{"_monsterinsights_skip_tracking":false,"_monsterinsights_sitenote_active":false,"_monsterinsights_sitenote_note":"","_monsterinsights_sitenote_category":0,"footnotes":""},"categories":[1],"tags":[],"class_list":["post-7215","post","type-post","status-publish","format-standard","hentry","category-scrise-cu-negru"],"_links":{"self":[{"href":"https:\/\/www.dannegru.com\/index.php?rest_route=\/wp\/v2\/posts\/7215"}],"collection":[{"href":"https:\/\/www.dannegru.com\/index.php?rest_route=\/wp\/v2\/posts"}],"about":[{"href":"https:\/\/www.dannegru.com\/index.php?rest_route=\/wp\/v2\/types\/post"}],"author":[{"embeddable":true,"href":"https:\/\/www.dannegru.com\/index.php?rest_route=\/wp\/v2\/users\/2"}],"replies":[{"embeddable":true,"href":"https:\/\/www.dannegru.com\/index.php?rest_route=%2Fwp%2Fv2%2Fcomments&post=7215"}],"version-history":[{"count":1,"href":"https:\/\/www.dannegru.com\/index.php?rest_route=\/wp\/v2\/posts\/7215\/revisions"}],"predecessor-version":[{"id":7217,"href":"https:\/\/www.dannegru.com\/index.php?rest_route=\/wp\/v2\/posts\/7215\/revisions\/7217"}],"wp:attachment":[{"href":"https:\/\/www.dannegru.com\/index.php?rest_route=%2Fwp%2Fv2%2Fmedia&parent=7215"}],"wp:term":[{"taxonomy":"category","embeddable":true,"href":"https:\/\/www.dannegru.com\/index.php?rest_route=%2Fwp%2Fv2%2Fcategories&post=7215"},{"taxonomy":"post_tag","embeddable":true,"href":"https:\/\/www.dannegru.com\/index.php?rest_route=%2Fwp%2Fv2%2Ftags&post=7215"}],"curies":[{"name":"wp","href":"https:\/\/api.w.org\/{rel}","templated":true}]}}