{"id":7131,"date":"2020-02-05T12:20:05","date_gmt":"2020-02-05T10:20:05","guid":{"rendered":"http:\/\/www.dannegru.com\/?p=7131"},"modified":"2020-02-05T12:20:05","modified_gmt":"2020-02-05T10:20:05","slug":"motiunea-maniu","status":"publish","type":"post","link":"https:\/\/www.dannegru.com\/?p=7131","title":{"rendered":"Motiunea. Maniu"},"content":{"rendered":"<p>Tot intr-o zi ca asta de 5 februarie a murit Iuliu Maniu.<br \/>\n\u0218i m\u0103 uit la \u0103\u0219tia cu mo\u021biunea. To\u021bi laolalt\u0103 !<br \/>\nUnu&#8217; m\u0103car putea s\u0103-i aminteasc\u0103 numele pe acolo, prin parlament.<br \/>\nUrma\u0219ii lui Maniu&#8230;\ud83d\ude02<br \/>\nConstantin Xeni a scris despre Iuliu Maniu.<br \/>\nE vreunul la fel, azi? :<br \/>\n\u201cMare for\u0163\u0103 e modestia!<br \/>\nN-a visat, n-a r\u00e2vnit niciodat\u0103 averea.<br \/>\nNu l-a interesat. N-a vrut s\u0103 fie \u00een vreun consiliu de administra\u0163ie. \u015ei nu o dat\u0103 i s-a oferit.<br \/>\n\u00cen casa lui de sus, din vila de la B\u0103d\u0103cin, nici covoare persane, nici tablouri de pre\u0163, nici bronzuri.<br \/>\n\u00cen Bucure\u015fti &#8211; o odaie de hotel, la Athenee Palace, odaie simpl\u0103 ce nici pe departe nu justifica numele somptuos de \u201cPalace\u201d.<br \/>\n\u015ei nu e o mic\u015forare s\u0103 adaug c\u0103 nu o dat\u0103 l-am g\u0103sit seara m\u00e2nc\u00e2nd singur \u00een od\u0103i\u0163a lui, pe un col\u0163 de mas\u0103, p\u00e2ine neagr\u0103 din care t\u0103ia tacticos cu un cu\u0163ita\u015f \u015fi c\u00e2teva mere frumoase, pe care cu m\u00e2ndrie spunea c\u0103 le adusese de la B\u0103d\u0103cin.<br \/>\nUn ascet !<br \/>\nIar \u00een col\u0163, pe masa de lucru, vedeai mereu dou\u0103 c\u0103r\u0163i: Biblia \u015fi bro\u015fura oficial\u0103 de mers al trenurilor.<br \/>\nUna pentru drumurile lui suflete\u015fti, cealalt\u0103 pentru cele trupe\u015fti, \u00een necontenitele lui deplas\u0103ri politice.\u201d<\/p>\n","protected":false},"excerpt":{"rendered":"<p>Tot intr-o zi ca asta de 5 februarie a murit Iuliu Maniu. \u0218i m\u0103 uit la \u0103\u0219tia cu mo\u021biunea. To\u021bi laolalt\u0103 ! Unu&#8217; m\u0103car putea s\u0103-i aminteasc\u0103 numele pe acolo, prin parlament. Urma\u0219ii lui Maniu&#8230;\ud83d\ude02 Constantin Xeni a scris despre &hellip; <a href=\"https:\/\/www.dannegru.com\/?p=7131\">Continu\u0103 s\u0103 cite\u0219ti <span class=\"meta-nav\">&rarr;<\/span><\/a><\/p>\n","protected":false},"author":2,"featured_media":0,"comment_status":"open","ping_status":"open","sticky":false,"template":"","format":"standard","meta":{"_monsterinsights_skip_tracking":false,"_monsterinsights_sitenote_active":false,"_monsterinsights_sitenote_note":"","_monsterinsights_sitenote_category":0,"footnotes":""},"categories":[1],"tags":[],"class_list":["post-7131","post","type-post","status-publish","format-standard","hentry","category-scrise-cu-negru"],"_links":{"self":[{"href":"https:\/\/www.dannegru.com\/index.php?rest_route=\/wp\/v2\/posts\/7131"}],"collection":[{"href":"https:\/\/www.dannegru.com\/index.php?rest_route=\/wp\/v2\/posts"}],"about":[{"href":"https:\/\/www.dannegru.com\/index.php?rest_route=\/wp\/v2\/types\/post"}],"author":[{"embeddable":true,"href":"https:\/\/www.dannegru.com\/index.php?rest_route=\/wp\/v2\/users\/2"}],"replies":[{"embeddable":true,"href":"https:\/\/www.dannegru.com\/index.php?rest_route=%2Fwp%2Fv2%2Fcomments&post=7131"}],"version-history":[{"count":1,"href":"https:\/\/www.dannegru.com\/index.php?rest_route=\/wp\/v2\/posts\/7131\/revisions"}],"predecessor-version":[{"id":7132,"href":"https:\/\/www.dannegru.com\/index.php?rest_route=\/wp\/v2\/posts\/7131\/revisions\/7132"}],"wp:attachment":[{"href":"https:\/\/www.dannegru.com\/index.php?rest_route=%2Fwp%2Fv2%2Fmedia&parent=7131"}],"wp:term":[{"taxonomy":"category","embeddable":true,"href":"https:\/\/www.dannegru.com\/index.php?rest_route=%2Fwp%2Fv2%2Fcategories&post=7131"},{"taxonomy":"post_tag","embeddable":true,"href":"https:\/\/www.dannegru.com\/index.php?rest_route=%2Fwp%2Fv2%2Ftags&post=7131"}],"curies":[{"name":"wp","href":"https:\/\/api.w.org\/{rel}","templated":true}]}}