{"id":7105,"date":"2019-12-25T09:31:09","date_gmt":"2019-12-25T07:31:09","guid":{"rendered":"http:\/\/www.dannegru.com\/?p=7105"},"modified":"2019-12-25T09:31:09","modified_gmt":"2019-12-25T07:31:09","slug":"timpul","status":"publish","type":"post","link":"https:\/\/www.dannegru.com\/?p=7105","title":{"rendered":"Timpul"},"content":{"rendered":"<p>Chiar dac\u0103 crede\u021bi sau nu, spune\u021bi-le copiilor vo\u0219tri c\u0103 s\u0103rb\u0103toarea Cr\u0103ciunului \u00eenseamn\u0103 na\u0219terea lui Iisus. <\/p>\n<p>Cre\u0219te\u021bi-v\u0103 copiii de\u0219tep\u021bi, cul\u021bi. <\/p>\n<p>Cultura \u0219i bun\u0103tatea vor face diferen\u021ba in genera\u021bia lor.<br \/>\nNu e\u0219ti ateu sau cre\u0219tin dac\u0103 \u0219tii c\u0103 Iisus s-a n\u0103scut de Cr\u0103ciun.<br \/>\nE despre cultur\u0103 general\u0103, nu despre credin\u021b\u0103 ! <\/p>\n<p>\u0218i dac\u0103 facem \u00eempreun\u0103 Revelionul s\u0103pt\u0103m\u00e2na viitoare spune\u021bi-le c\u0103 intr\u0103m in anul 2020 pentru c\u0103 Iisus a impartit timpul acum 2020 de ani atunci c\u00e2nd s-a n\u0103scut.<br \/>\nPe 25 decembrie la Bethlehem.<\/p>\n","protected":false},"excerpt":{"rendered":"<p>Chiar dac\u0103 crede\u021bi sau nu, spune\u021bi-le copiilor vo\u0219tri c\u0103 s\u0103rb\u0103toarea Cr\u0103ciunului \u00eenseamn\u0103 na\u0219terea lui Iisus. Cre\u0219te\u021bi-v\u0103 copiii de\u0219tep\u021bi, cul\u021bi. Cultura \u0219i bun\u0103tatea vor face diferen\u021ba in genera\u021bia lor. Nu e\u0219ti ateu sau cre\u0219tin dac\u0103 \u0219tii c\u0103 Iisus s-a n\u0103scut de &hellip; <a href=\"https:\/\/www.dannegru.com\/?p=7105\">Continu\u0103 s\u0103 cite\u0219ti <span class=\"meta-nav\">&rarr;<\/span><\/a><\/p>\n","protected":false},"author":2,"featured_media":0,"comment_status":"open","ping_status":"open","sticky":false,"template":"","format":"standard","meta":{"_monsterinsights_skip_tracking":false,"_monsterinsights_sitenote_active":false,"_monsterinsights_sitenote_note":"","_monsterinsights_sitenote_category":0,"footnotes":""},"categories":[1],"tags":[],"class_list":["post-7105","post","type-post","status-publish","format-standard","hentry","category-scrise-cu-negru"],"_links":{"self":[{"href":"https:\/\/www.dannegru.com\/index.php?rest_route=\/wp\/v2\/posts\/7105"}],"collection":[{"href":"https:\/\/www.dannegru.com\/index.php?rest_route=\/wp\/v2\/posts"}],"about":[{"href":"https:\/\/www.dannegru.com\/index.php?rest_route=\/wp\/v2\/types\/post"}],"author":[{"embeddable":true,"href":"https:\/\/www.dannegru.com\/index.php?rest_route=\/wp\/v2\/users\/2"}],"replies":[{"embeddable":true,"href":"https:\/\/www.dannegru.com\/index.php?rest_route=%2Fwp%2Fv2%2Fcomments&post=7105"}],"version-history":[{"count":1,"href":"https:\/\/www.dannegru.com\/index.php?rest_route=\/wp\/v2\/posts\/7105\/revisions"}],"predecessor-version":[{"id":7106,"href":"https:\/\/www.dannegru.com\/index.php?rest_route=\/wp\/v2\/posts\/7105\/revisions\/7106"}],"wp:attachment":[{"href":"https:\/\/www.dannegru.com\/index.php?rest_route=%2Fwp%2Fv2%2Fmedia&parent=7105"}],"wp:term":[{"taxonomy":"category","embeddable":true,"href":"https:\/\/www.dannegru.com\/index.php?rest_route=%2Fwp%2Fv2%2Fcategories&post=7105"},{"taxonomy":"post_tag","embeddable":true,"href":"https:\/\/www.dannegru.com\/index.php?rest_route=%2Fwp%2Fv2%2Ftags&post=7105"}],"curies":[{"name":"wp","href":"https:\/\/api.w.org\/{rel}","templated":true}]}}