{"id":7086,"date":"2019-10-28T23:13:14","date_gmt":"2019-10-28T21:13:14","guid":{"rendered":"http:\/\/www.dannegru.com\/?p=7086"},"modified":"2019-10-28T23:13:14","modified_gmt":"2019-10-28T21:13:14","slug":"noi-de-noi","status":"publish","type":"post","link":"https:\/\/www.dannegru.com\/?p=7086","title":{"rendered":"noi de noi"},"content":{"rendered":"<p>Ce nu spune nimeni e c\u0103 v\u0103nzarea Pro-ului c\u0103tre un magnat ceh face ca Rom\u00e2nia s\u0103 nu mai existe deloc pe pia\u021ba interna\u021bional\u0103 de televizune, niciuna din marile corpora\u021bii media din lume nu pare interesat\u0103 de Rom\u00e2nia.<br \/>\nPun pariu c\u0103 pe termen mediu cehul o sa rev\u00e2nd\u0103 Pro-ul \u0219i probabil, dup\u0103 zvonurile din pia\u021ba, valoarea lui azi ar fi de 800 milioane de euro.<br \/>\nCu banii \u0103\u0219tia in Romania po\u021bi sa cumperi tot online-ul rom\u00e2nesc.<br \/>\nAr fi mult mai profitabil.<br \/>\nPe termen lung a cumpara televizune e ca \u0219i cum ti-ai cumpara tr\u0103suri c\u00e2nd tocmai ap\u0103ruse automobilul.<br \/>\nUn lucru e clar, marile corpora\u021bii media interna\u021bionale au disp\u0103rut din Rom\u00e2nia&#8230;<br \/>\nDin 2020 om fi noi \u00eentre noi, tot \u0103\u0219tia din Europa de Est.<\/p>\n","protected":false},"excerpt":{"rendered":"<p>Ce nu spune nimeni e c\u0103 v\u0103nzarea Pro-ului c\u0103tre un magnat ceh face ca Rom\u00e2nia s\u0103 nu mai existe deloc pe pia\u021ba interna\u021bional\u0103 de televizune, niciuna din marile corpora\u021bii media din lume nu pare interesat\u0103 de Rom\u00e2nia. Pun pariu c\u0103 &hellip; <a href=\"https:\/\/www.dannegru.com\/?p=7086\">Continu\u0103 s\u0103 cite\u0219ti <span class=\"meta-nav\">&rarr;<\/span><\/a><\/p>\n","protected":false},"author":2,"featured_media":0,"comment_status":"open","ping_status":"open","sticky":false,"template":"","format":"standard","meta":{"_monsterinsights_skip_tracking":false,"_monsterinsights_sitenote_active":false,"_monsterinsights_sitenote_note":"","_monsterinsights_sitenote_category":0,"footnotes":""},"categories":[1],"tags":[],"class_list":["post-7086","post","type-post","status-publish","format-standard","hentry","category-scrise-cu-negru"],"_links":{"self":[{"href":"https:\/\/www.dannegru.com\/index.php?rest_route=\/wp\/v2\/posts\/7086"}],"collection":[{"href":"https:\/\/www.dannegru.com\/index.php?rest_route=\/wp\/v2\/posts"}],"about":[{"href":"https:\/\/www.dannegru.com\/index.php?rest_route=\/wp\/v2\/types\/post"}],"author":[{"embeddable":true,"href":"https:\/\/www.dannegru.com\/index.php?rest_route=\/wp\/v2\/users\/2"}],"replies":[{"embeddable":true,"href":"https:\/\/www.dannegru.com\/index.php?rest_route=%2Fwp%2Fv2%2Fcomments&post=7086"}],"version-history":[{"count":1,"href":"https:\/\/www.dannegru.com\/index.php?rest_route=\/wp\/v2\/posts\/7086\/revisions"}],"predecessor-version":[{"id":7087,"href":"https:\/\/www.dannegru.com\/index.php?rest_route=\/wp\/v2\/posts\/7086\/revisions\/7087"}],"wp:attachment":[{"href":"https:\/\/www.dannegru.com\/index.php?rest_route=%2Fwp%2Fv2%2Fmedia&parent=7086"}],"wp:term":[{"taxonomy":"category","embeddable":true,"href":"https:\/\/www.dannegru.com\/index.php?rest_route=%2Fwp%2Fv2%2Fcategories&post=7086"},{"taxonomy":"post_tag","embeddable":true,"href":"https:\/\/www.dannegru.com\/index.php?rest_route=%2Fwp%2Fv2%2Ftags&post=7086"}],"curies":[{"name":"wp","href":"https:\/\/api.w.org\/{rel}","templated":true}]}}