{"id":7081,"date":"2019-10-19T10:05:31","date_gmt":"2019-10-19T08:05:31","guid":{"rendered":"http:\/\/www.dannegru.com\/?p=7081"},"modified":"2019-10-19T10:05:31","modified_gmt":"2019-10-19T08:05:31","slug":"mismasuri","status":"publish","type":"post","link":"https:\/\/www.dannegru.com\/?p=7081","title":{"rendered":"Mi\u0219ma\u0219uri"},"content":{"rendered":"<p>Zbor de la Cluj spre Bucure\u0219ti cu o cursa Tarom, o companie pe care ati f\u0103cut-o praf a\u0219tept\u00e2nd sa o vinde\u021bi ieftin \u0219i u\u0219or. <\/p>\n<p>\u0102\u0219tia din politic\u0103 ce au vrut s\u0103 \u021bin\u0103 avioanele la sol ca s\u0103-\u0219i fac\u0103 mi\u0219ma\u0219urile politice ar trebui sa \u0219tie c\u0103 un rom\u0103n, Traian Vuia a reu\u0219it sa fie primul om din lume care a ridicat un avion de la sol.<br \/>\nPrimul din lume! <\/p>\n<p>Sau c\u0103 Aurel Vlaicu a murit \u00eencerc\u00e2nd sa treac\u0103 in zbor Carpa\u021bii ! <\/p>\n<p>\u0102\u0219tia \u0219i-au dat via\u021ba ca s\u0103 fie primii in lume care zboar\u0103 \u0219i voi,#tuv\u0103ngur\u0103, \u021bine\u021bi avioanele la p\u0103m\u00e2nt pentru mi\u0219ma\u0219uri politice! <\/p>\n","protected":false},"excerpt":{"rendered":"<p>Zbor de la Cluj spre Bucure\u0219ti cu o cursa Tarom, o companie pe care ati f\u0103cut-o praf a\u0219tept\u00e2nd sa o vinde\u021bi ieftin \u0219i u\u0219or. \u0102\u0219tia din politic\u0103 ce au vrut s\u0103 \u021bin\u0103 avioanele la sol ca s\u0103-\u0219i fac\u0103 mi\u0219ma\u0219urile politice &hellip; <a href=\"https:\/\/www.dannegru.com\/?p=7081\">Continu\u0103 s\u0103 cite\u0219ti <span class=\"meta-nav\">&rarr;<\/span><\/a><\/p>\n","protected":false},"author":2,"featured_media":0,"comment_status":"open","ping_status":"open","sticky":false,"template":"","format":"standard","meta":{"_monsterinsights_skip_tracking":false,"_monsterinsights_sitenote_active":false,"_monsterinsights_sitenote_note":"","_monsterinsights_sitenote_category":0,"footnotes":""},"categories":[1],"tags":[],"class_list":["post-7081","post","type-post","status-publish","format-standard","hentry","category-scrise-cu-negru"],"_links":{"self":[{"href":"https:\/\/www.dannegru.com\/index.php?rest_route=\/wp\/v2\/posts\/7081"}],"collection":[{"href":"https:\/\/www.dannegru.com\/index.php?rest_route=\/wp\/v2\/posts"}],"about":[{"href":"https:\/\/www.dannegru.com\/index.php?rest_route=\/wp\/v2\/types\/post"}],"author":[{"embeddable":true,"href":"https:\/\/www.dannegru.com\/index.php?rest_route=\/wp\/v2\/users\/2"}],"replies":[{"embeddable":true,"href":"https:\/\/www.dannegru.com\/index.php?rest_route=%2Fwp%2Fv2%2Fcomments&post=7081"}],"version-history":[{"count":1,"href":"https:\/\/www.dannegru.com\/index.php?rest_route=\/wp\/v2\/posts\/7081\/revisions"}],"predecessor-version":[{"id":7082,"href":"https:\/\/www.dannegru.com\/index.php?rest_route=\/wp\/v2\/posts\/7081\/revisions\/7082"}],"wp:attachment":[{"href":"https:\/\/www.dannegru.com\/index.php?rest_route=%2Fwp%2Fv2%2Fmedia&parent=7081"}],"wp:term":[{"taxonomy":"category","embeddable":true,"href":"https:\/\/www.dannegru.com\/index.php?rest_route=%2Fwp%2Fv2%2Fcategories&post=7081"},{"taxonomy":"post_tag","embeddable":true,"href":"https:\/\/www.dannegru.com\/index.php?rest_route=%2Fwp%2Fv2%2Ftags&post=7081"}],"curies":[{"name":"wp","href":"https:\/\/api.w.org\/{rel}","templated":true}]}}