{"id":7078,"date":"2019-10-11T05:55:36","date_gmt":"2019-10-11T03:55:36","guid":{"rendered":"http:\/\/www.dannegru.com\/?p=7078"},"modified":"2019-10-11T05:55:36","modified_gmt":"2019-10-11T03:55:36","slug":"rahat-cu-apa-rece-2","status":"publish","type":"post","link":"https:\/\/www.dannegru.com\/?p=7078","title":{"rendered":"Rahat cu ap\u0103 rece"},"content":{"rendered":"<p>Se dau to\u021bi cu p\u0103rerea despre guverne \u0219i politic\u0103 ! <\/p>\n<p>28 de ministere are Rom\u00e2nia!<br \/>\nGermania are 14.<br \/>\nItalia are 13 \u0219i Fran\u021ba 16.<br \/>\nP\u00e2n\u0103 \u0219i grecii au doar 18.<\/p>\n<p>Suntem primii in Europa! <\/p>\n<p>Num\u0103rul de ministere e propor\u021bional cu num\u0103rul de wc din fundul cur\u021bii.<br \/>\nSi la asta suntem primii in Europa&#8230; <\/p>\n<p>Bre, voi nu faceti nicio politic\u0103, niciunii, at\u00e2ta vreme c\u00e2t 32% dintre noi \u00eenc\u0103 se mai kak\u0103 in fundu\u2019 cur\u021bii !<\/p>\n","protected":false},"excerpt":{"rendered":"<p>Se dau to\u021bi cu p\u0103rerea despre guverne \u0219i politic\u0103 ! 28 de ministere are Rom\u00e2nia! Germania are 14. Italia are 13 \u0219i Fran\u021ba 16. P\u00e2n\u0103 \u0219i grecii au doar 18. Suntem primii in Europa! Num\u0103rul de ministere e propor\u021bional cu &hellip; <a href=\"https:\/\/www.dannegru.com\/?p=7078\">Continu\u0103 s\u0103 cite\u0219ti <span class=\"meta-nav\">&rarr;<\/span><\/a><\/p>\n","protected":false},"author":2,"featured_media":0,"comment_status":"open","ping_status":"open","sticky":false,"template":"","format":"standard","meta":{"_monsterinsights_skip_tracking":false,"_monsterinsights_sitenote_active":false,"_monsterinsights_sitenote_note":"","_monsterinsights_sitenote_category":0,"footnotes":""},"categories":[1],"tags":[],"class_list":["post-7078","post","type-post","status-publish","format-standard","hentry","category-scrise-cu-negru"],"_links":{"self":[{"href":"https:\/\/www.dannegru.com\/index.php?rest_route=\/wp\/v2\/posts\/7078"}],"collection":[{"href":"https:\/\/www.dannegru.com\/index.php?rest_route=\/wp\/v2\/posts"}],"about":[{"href":"https:\/\/www.dannegru.com\/index.php?rest_route=\/wp\/v2\/types\/post"}],"author":[{"embeddable":true,"href":"https:\/\/www.dannegru.com\/index.php?rest_route=\/wp\/v2\/users\/2"}],"replies":[{"embeddable":true,"href":"https:\/\/www.dannegru.com\/index.php?rest_route=%2Fwp%2Fv2%2Fcomments&post=7078"}],"version-history":[{"count":1,"href":"https:\/\/www.dannegru.com\/index.php?rest_route=\/wp\/v2\/posts\/7078\/revisions"}],"predecessor-version":[{"id":7079,"href":"https:\/\/www.dannegru.com\/index.php?rest_route=\/wp\/v2\/posts\/7078\/revisions\/7079"}],"wp:attachment":[{"href":"https:\/\/www.dannegru.com\/index.php?rest_route=%2Fwp%2Fv2%2Fmedia&parent=7078"}],"wp:term":[{"taxonomy":"category","embeddable":true,"href":"https:\/\/www.dannegru.com\/index.php?rest_route=%2Fwp%2Fv2%2Fcategories&post=7078"},{"taxonomy":"post_tag","embeddable":true,"href":"https:\/\/www.dannegru.com\/index.php?rest_route=%2Fwp%2Fv2%2Ftags&post=7078"}],"curies":[{"name":"wp","href":"https:\/\/api.w.org\/{rel}","templated":true}]}}