{"id":7034,"date":"2019-07-16T20:20:20","date_gmt":"2019-07-16T18:20:20","guid":{"rendered":"http:\/\/www.dannegru.com\/?p=7034"},"modified":"2019-07-16T20:20:20","modified_gmt":"2019-07-16T18:20:20","slug":"madalina-4","status":"publish","type":"post","link":"https:\/\/www.dannegru.com\/?p=7034","title":{"rendered":"Madalina"},"content":{"rendered":"<p>M\u0103d\u0103lina Manole e din nou la \u0219tiri.<br \/>\nPe 14 Iulie s-a sinucis.<br \/>\nP\u0103i s\u0103 v\u0103 ar\u0103t cum era presa atunci \u0219i cum am fost noi, \u0103\u0219tia din media, complici la crim\u0103 ! <\/p>\n<p>C\u00e2nd M\u0103d\u0103lina avea 35 de ani,adic\u0103 era mai t\u00e2n\u0103r\u0103 decat e azi Smiley care are 36, presa o d\u0103dea \u201ctrecut\u0103 bine de prima tinere\u021be\u201d \u0219i televiziunile \u0219i radiourile o ocoleau pentru c\u0103 era \u201cin v\u00e2rst\u0103\u201d.<\/p>\n<p>C\u00e2nd m-a \u00eentrebat de ce n-o chem mai des in show-urile mele, am t\u0103cut .<br \/>\nIntr-o \u0219edin\u021ba de redac\u021bie to\u021bi am preferat s\u0103-i chem\u0103m pe N5 in locul M\u0103d\u0103linei doar pentru c\u0103 erau mai tineri in buletine. <\/p>\n<p>M\u0103d\u0103lina n-a rezistat presiunii.<br \/>\n\u0218i \u0103\u0219tia de am r\u0103mas suntem complici la crim\u0103 ! <\/p>\n<p>La 35 de ani, M\u0103d\u0103lina era \u201ctrecuta de prima tinere\u021be\u201d pentru presa din Rom\u00e2nia:<a href=\"https:\/\/www.dannegru.com\/wp-content\/uploads\/2019\/07\/66828204_2501241316563461_744746315514118144_n.jpg\"><img loading=\"lazy\" decoding=\"async\" src=\"https:\/\/www.dannegru.com\/wp-content\/uploads\/2019\/07\/66828204_2501241316563461_744746315514118144_n-163x300.jpg\" alt=\"\" width=\"163\" height=\"300\" class=\"aligncenter size-medium wp-image-7035\" srcset=\"https:\/\/www.dannegru.com\/wp-content\/uploads\/2019\/07\/66828204_2501241316563461_744746315514118144_n-163x300.jpg 163w, https:\/\/www.dannegru.com\/wp-content\/uploads\/2019\/07\/66828204_2501241316563461_744746315514118144_n.jpg 512w\" sizes=\"(max-width: 163px) 100vw, 163px\" \/><\/a><\/p>\n","protected":false},"excerpt":{"rendered":"<p>M\u0103d\u0103lina Manole e din nou la \u0219tiri. Pe 14 Iulie s-a sinucis. P\u0103i s\u0103 v\u0103 ar\u0103t cum era presa atunci \u0219i cum am fost noi, \u0103\u0219tia din media, complici la crim\u0103 ! C\u00e2nd M\u0103d\u0103lina avea 35 de ani,adic\u0103 era mai &hellip; <a href=\"https:\/\/www.dannegru.com\/?p=7034\">Continu\u0103 s\u0103 cite\u0219ti <span class=\"meta-nav\">&rarr;<\/span><\/a><\/p>\n","protected":false},"author":2,"featured_media":0,"comment_status":"open","ping_status":"open","sticky":false,"template":"","format":"standard","meta":{"_monsterinsights_skip_tracking":false,"_monsterinsights_sitenote_active":false,"_monsterinsights_sitenote_note":"","_monsterinsights_sitenote_category":0,"footnotes":""},"categories":[1],"tags":[],"class_list":["post-7034","post","type-post","status-publish","format-standard","hentry","category-scrise-cu-negru"],"_links":{"self":[{"href":"https:\/\/www.dannegru.com\/index.php?rest_route=\/wp\/v2\/posts\/7034"}],"collection":[{"href":"https:\/\/www.dannegru.com\/index.php?rest_route=\/wp\/v2\/posts"}],"about":[{"href":"https:\/\/www.dannegru.com\/index.php?rest_route=\/wp\/v2\/types\/post"}],"author":[{"embeddable":true,"href":"https:\/\/www.dannegru.com\/index.php?rest_route=\/wp\/v2\/users\/2"}],"replies":[{"embeddable":true,"href":"https:\/\/www.dannegru.com\/index.php?rest_route=%2Fwp%2Fv2%2Fcomments&post=7034"}],"version-history":[{"count":1,"href":"https:\/\/www.dannegru.com\/index.php?rest_route=\/wp\/v2\/posts\/7034\/revisions"}],"predecessor-version":[{"id":7036,"href":"https:\/\/www.dannegru.com\/index.php?rest_route=\/wp\/v2\/posts\/7034\/revisions\/7036"}],"wp:attachment":[{"href":"https:\/\/www.dannegru.com\/index.php?rest_route=%2Fwp%2Fv2%2Fmedia&parent=7034"}],"wp:term":[{"taxonomy":"category","embeddable":true,"href":"https:\/\/www.dannegru.com\/index.php?rest_route=%2Fwp%2Fv2%2Fcategories&post=7034"},{"taxonomy":"post_tag","embeddable":true,"href":"https:\/\/www.dannegru.com\/index.php?rest_route=%2Fwp%2Fv2%2Ftags&post=7034"}],"curies":[{"name":"wp","href":"https:\/\/api.w.org\/{rel}","templated":true}]}}