{"id":7019,"date":"2019-06-24T20:17:57","date_gmt":"2019-06-24T18:17:57","guid":{"rendered":"http:\/\/www.dannegru.com\/?p=7019"},"modified":"2019-06-24T20:17:57","modified_gmt":"2019-06-24T18:17:57","slug":"exodul","status":"publish","type":"post","link":"https:\/\/www.dannegru.com\/?p=7019","title":{"rendered":"Exodul"},"content":{"rendered":"<p>De exodul rom\u00e2nesc \u00ee\u021bi dai seama uit\u00e2ndu-te la fotbal.<br \/>\nLa Mondialele din \u201890, tot in Italia, Rom\u00e2nia juca cu tribune goale \u0219i organizatorii \u00ee\u0219i doreau ca echipe ca Rom\u00e2nia s\u0103 plece acas\u0103 c\u00e2t mai repede pentru c\u0103 nu aveau public pl\u0103titor.<br \/>\nAzi, tot in Italia , na\u021bionala joac\u0103 cu tribune pline de rom\u00e2ni.<br \/>\nCum o fi fost mai bine?<br \/>\nCu tribune goale ca la Mondialul din \u201890, c\u00e2nd acas\u0103 \u00eenc\u0103 mai erau speran\u021be in Ra\u021biu, Rege sau Coposu ?<br \/>\nSau ca azi, cu 5 milioane de rom\u00e2ni fugi\u021bi din \u021bar\u0103 care umplu tribunele oric\u0103ror stadioane din lume.<br \/>\n<a href=\"https:\/\/www.dannegru.com\/wp-content\/uploads\/2019\/06\/65460982_2775092552532192_7980498592626376704_n.jpg\"><img loading=\"lazy\" decoding=\"async\" src=\"https:\/\/www.dannegru.com\/wp-content\/uploads\/2019\/06\/65460982_2775092552532192_7980498592626376704_n-300x215.jpg\" alt=\"\" width=\"300\" height=\"215\" class=\"aligncenter size-medium wp-image-7020\" srcset=\"https:\/\/www.dannegru.com\/wp-content\/uploads\/2019\/06\/65460982_2775092552532192_7980498592626376704_n-300x215.jpg 300w, https:\/\/www.dannegru.com\/wp-content\/uploads\/2019\/06\/65460982_2775092552532192_7980498592626376704_n-768x550.jpg 768w, https:\/\/www.dannegru.com\/wp-content\/uploads\/2019\/06\/65460982_2775092552532192_7980498592626376704_n.jpg 960w\" sizes=\"(max-width: 300px) 100vw, 300px\" \/><\/a><\/p>\n","protected":false},"excerpt":{"rendered":"<p>De exodul rom\u00e2nesc \u00ee\u021bi dai seama uit\u00e2ndu-te la fotbal. La Mondialele din \u201890, tot in Italia, Rom\u00e2nia juca cu tribune goale \u0219i organizatorii \u00ee\u0219i doreau ca echipe ca Rom\u00e2nia s\u0103 plece acas\u0103 c\u00e2t mai repede pentru c\u0103 nu aveau public &hellip; <a href=\"https:\/\/www.dannegru.com\/?p=7019\">Continu\u0103 s\u0103 cite\u0219ti <span class=\"meta-nav\">&rarr;<\/span><\/a><\/p>\n","protected":false},"author":2,"featured_media":0,"comment_status":"open","ping_status":"open","sticky":false,"template":"","format":"standard","meta":{"_monsterinsights_skip_tracking":false,"_monsterinsights_sitenote_active":false,"_monsterinsights_sitenote_note":"","_monsterinsights_sitenote_category":0,"footnotes":""},"categories":[1],"tags":[],"class_list":["post-7019","post","type-post","status-publish","format-standard","hentry","category-scrise-cu-negru"],"_links":{"self":[{"href":"https:\/\/www.dannegru.com\/index.php?rest_route=\/wp\/v2\/posts\/7019"}],"collection":[{"href":"https:\/\/www.dannegru.com\/index.php?rest_route=\/wp\/v2\/posts"}],"about":[{"href":"https:\/\/www.dannegru.com\/index.php?rest_route=\/wp\/v2\/types\/post"}],"author":[{"embeddable":true,"href":"https:\/\/www.dannegru.com\/index.php?rest_route=\/wp\/v2\/users\/2"}],"replies":[{"embeddable":true,"href":"https:\/\/www.dannegru.com\/index.php?rest_route=%2Fwp%2Fv2%2Fcomments&post=7019"}],"version-history":[{"count":1,"href":"https:\/\/www.dannegru.com\/index.php?rest_route=\/wp\/v2\/posts\/7019\/revisions"}],"predecessor-version":[{"id":7021,"href":"https:\/\/www.dannegru.com\/index.php?rest_route=\/wp\/v2\/posts\/7019\/revisions\/7021"}],"wp:attachment":[{"href":"https:\/\/www.dannegru.com\/index.php?rest_route=%2Fwp%2Fv2%2Fmedia&parent=7019"}],"wp:term":[{"taxonomy":"category","embeddable":true,"href":"https:\/\/www.dannegru.com\/index.php?rest_route=%2Fwp%2Fv2%2Fcategories&post=7019"},{"taxonomy":"post_tag","embeddable":true,"href":"https:\/\/www.dannegru.com\/index.php?rest_route=%2Fwp%2Fv2%2Ftags&post=7019"}],"curies":[{"name":"wp","href":"https:\/\/api.w.org\/{rel}","templated":true}]}}