{"id":6984,"date":"2019-06-03T21:46:57","date_gmt":"2019-06-03T19:46:57","guid":{"rendered":"http:\/\/www.dannegru.com\/?p=6984"},"modified":"2019-06-03T21:46:57","modified_gmt":"2019-06-03T19:46:57","slug":"patriarhul-si-papa","status":"publish","type":"post","link":"https:\/\/www.dannegru.com\/?p=6984","title":{"rendered":"Patriarhul si Papa"},"content":{"rendered":"<p>Tocmai ce explic\u0103 un analist la tv c\u00e2t de cool e Papa in compara\u021bie cu Patriarhul Rom\u00e2niei.<br \/>\nReligia nu e nici despre Papa si nici despre Patriarh !<br \/>\nAnalistu\u2019 a uitat esen\u021bialul!<br \/>\nDar dac\u0103 vre\u021bi o compara\u021bie , iaca \u0219i una in sens invers.<br \/>\nPozele de mai jos arat\u0103 biserici \u0219i m\u0103n\u0103stiri care se v\u00e2nd in \u021b\u0103rile catolice !<br \/>\nExist\u0103 site-uri imobiliare specializate in v\u00e2nz\u0103ri de biserici si m\u0103n\u0103stiri in Europa Occidental\u0103.<br \/>\nBiserici goale \u0219i apoi scoase la v\u00e2nzare .<br \/>\nE plin\u0103 Europa Occidental\u0103 de ele.<br \/>\nP\u0103i dac\u0103 tot face\u021bi compara\u021bii din care Rom\u00e2nia \u0219i Ortodoxia sunt ciuca b\u0103t\u0103ilor, \u00eentreba\u021bi-v\u0103 cine e mai \u201ccool\u201d: cel care-\u0219i \u021bine enoria\u0219ii in biserici sau cel care nu-i poate p\u0103stra acolo ?<br \/>\nMerge\u021bi duminica diminea\u021ba intr-o biseric\u0103 din Paris sau M\u00fcnchen \u0219i apoi intr-una din Bucure\u0219ti sau Ia\u0219i.<br \/>\nE loc \u0219i de o astfel de compara\u021bie , nu?<a href=\"https:\/\/www.dannegru.com\/wp-content\/uploads\/2019\/06\/61698056_2720661661308615_5502435100014411776_n.jpg\"><img loading=\"lazy\" decoding=\"async\" src=\"https:\/\/www.dannegru.com\/wp-content\/uploads\/2019\/06\/61698056_2720661661308615_5502435100014411776_n-150x300.jpg\" alt=\"\" width=\"150\" height=\"300\" class=\"aligncenter size-medium wp-image-6985\" srcset=\"https:\/\/www.dannegru.com\/wp-content\/uploads\/2019\/06\/61698056_2720661661308615_5502435100014411776_n-150x300.jpg 150w, https:\/\/www.dannegru.com\/wp-content\/uploads\/2019\/06\/61698056_2720661661308615_5502435100014411776_n.jpg 480w\" sizes=\"(max-width: 150px) 100vw, 150px\" \/><\/a><\/p>\n<p><a href=\"https:\/\/www.dannegru.com\/wp-content\/uploads\/2019\/06\/61689094_2720661771308604_5887440714366713856_n.jpg\"><img loading=\"lazy\" decoding=\"async\" src=\"https:\/\/www.dannegru.com\/wp-content\/uploads\/2019\/06\/61689094_2720661771308604_5887440714366713856_n-138x300.jpg\" alt=\"\" width=\"138\" height=\"300\" class=\"aligncenter size-medium wp-image-6986\" srcset=\"https:\/\/www.dannegru.com\/wp-content\/uploads\/2019\/06\/61689094_2720661771308604_5887440714366713856_n-138x300.jpg 138w, https:\/\/www.dannegru.com\/wp-content\/uploads\/2019\/06\/61689094_2720661771308604_5887440714366713856_n.jpg 443w\" sizes=\"(max-width: 138px) 100vw, 138px\" \/><\/a><\/p>\n","protected":false},"excerpt":{"rendered":"<p>Tocmai ce explic\u0103 un analist la tv c\u00e2t de cool e Papa in compara\u021bie cu Patriarhul Rom\u00e2niei. Religia nu e nici despre Papa si nici despre Patriarh ! Analistu\u2019 a uitat esen\u021bialul! Dar dac\u0103 vre\u021bi o compara\u021bie , iaca \u0219i &hellip; <a href=\"https:\/\/www.dannegru.com\/?p=6984\">Continu\u0103 s\u0103 cite\u0219ti <span class=\"meta-nav\">&rarr;<\/span><\/a><\/p>\n","protected":false},"author":2,"featured_media":0,"comment_status":"open","ping_status":"open","sticky":false,"template":"","format":"standard","meta":{"_monsterinsights_skip_tracking":false,"_monsterinsights_sitenote_active":false,"_monsterinsights_sitenote_note":"","_monsterinsights_sitenote_category":0,"footnotes":""},"categories":[1],"tags":[],"class_list":["post-6984","post","type-post","status-publish","format-standard","hentry","category-scrise-cu-negru"],"_links":{"self":[{"href":"https:\/\/www.dannegru.com\/index.php?rest_route=\/wp\/v2\/posts\/6984"}],"collection":[{"href":"https:\/\/www.dannegru.com\/index.php?rest_route=\/wp\/v2\/posts"}],"about":[{"href":"https:\/\/www.dannegru.com\/index.php?rest_route=\/wp\/v2\/types\/post"}],"author":[{"embeddable":true,"href":"https:\/\/www.dannegru.com\/index.php?rest_route=\/wp\/v2\/users\/2"}],"replies":[{"embeddable":true,"href":"https:\/\/www.dannegru.com\/index.php?rest_route=%2Fwp%2Fv2%2Fcomments&post=6984"}],"version-history":[{"count":1,"href":"https:\/\/www.dannegru.com\/index.php?rest_route=\/wp\/v2\/posts\/6984\/revisions"}],"predecessor-version":[{"id":6987,"href":"https:\/\/www.dannegru.com\/index.php?rest_route=\/wp\/v2\/posts\/6984\/revisions\/6987"}],"wp:attachment":[{"href":"https:\/\/www.dannegru.com\/index.php?rest_route=%2Fwp%2Fv2%2Fmedia&parent=6984"}],"wp:term":[{"taxonomy":"category","embeddable":true,"href":"https:\/\/www.dannegru.com\/index.php?rest_route=%2Fwp%2Fv2%2Fcategories&post=6984"},{"taxonomy":"post_tag","embeddable":true,"href":"https:\/\/www.dannegru.com\/index.php?rest_route=%2Fwp%2Fv2%2Ftags&post=6984"}],"curies":[{"name":"wp","href":"https:\/\/api.w.org\/{rel}","templated":true}]}}