{"id":6947,"date":"2019-04-13T10:16:55","date_gmt":"2019-04-13T08:16:55","guid":{"rendered":"http:\/\/www.dannegru.com\/?p=6947"},"modified":"2019-04-13T10:16:55","modified_gmt":"2019-04-13T08:16:55","slug":"ploaia","status":"publish","type":"post","link":"https:\/\/www.dannegru.com\/?p=6947","title":{"rendered":"Ploaia"},"content":{"rendered":"<p>\u201cVe\u0219ti proaste de la meteorologi\u201d<br \/>\n   V\u0103d asta peste tot &#8230;<\/p>\n<p>   P\u0103i, ploaia de acu\u2019 face ca Rom\u00e2nia sa fie  pe primul loc la produc\u0163ia de floarea soarelui \u015fi porumb !<br \/>\n    Statisticile Eurostat dau Rom\u00e2nia peste Fran\u021ba care e cel mai mare produc\u0103tor istoric. <\/p>\n<p>    Cu utilaje \u00eenvechite, cu ferme mici \u0219i \u00eemp\u0103r\u021bite, f\u0103r\u0103 iriga\u021bii, cu un stat care nu pune pre\u021b nici pe agricultur\u0103, floarea soarelui \u0219i porumbul au un singur aliat: <\/p>\n<p>     PLOAIA asta de breaking news! <\/p>\n<p>   #happy<a href=\"https:\/\/www.dannegru.com\/wp-content\/uploads\/2019\/04\/9D4AAB80-60BA-466F-B98A-7EA5BC8C4689.jpeg\"><img loading=\"lazy\" decoding=\"async\" src=\"https:\/\/www.dannegru.com\/wp-content\/uploads\/2019\/04\/9D4AAB80-60BA-466F-B98A-7EA5BC8C4689-300x225.jpeg\" alt=\"\" width=\"300\" height=\"225\" class=\"aligncenter size-medium wp-image-6948\" srcset=\"https:\/\/www.dannegru.com\/wp-content\/uploads\/2019\/04\/9D4AAB80-60BA-466F-B98A-7EA5BC8C4689-300x225.jpeg 300w, https:\/\/www.dannegru.com\/wp-content\/uploads\/2019\/04\/9D4AAB80-60BA-466F-B98A-7EA5BC8C4689-768x577.jpeg 768w, https:\/\/www.dannegru.com\/wp-content\/uploads\/2019\/04\/9D4AAB80-60BA-466F-B98A-7EA5BC8C4689-1024x769.jpeg 1024w\" sizes=\"(max-width: 300px) 100vw, 300px\" \/><\/a><\/p>\n","protected":false},"excerpt":{"rendered":"<p>\u201cVe\u0219ti proaste de la meteorologi\u201d V\u0103d asta peste tot &#8230; P\u0103i, ploaia de acu\u2019 face ca Rom\u00e2nia sa fie pe primul loc la produc\u0163ia de floarea soarelui \u015fi porumb ! Statisticile Eurostat dau Rom\u00e2nia peste Fran\u021ba care e cel mai &hellip; <a href=\"https:\/\/www.dannegru.com\/?p=6947\">Continu\u0103 s\u0103 cite\u0219ti <span class=\"meta-nav\">&rarr;<\/span><\/a><\/p>\n","protected":false},"author":2,"featured_media":0,"comment_status":"open","ping_status":"open","sticky":false,"template":"","format":"standard","meta":{"_monsterinsights_skip_tracking":false,"_monsterinsights_sitenote_active":false,"_monsterinsights_sitenote_note":"","_monsterinsights_sitenote_category":0,"footnotes":""},"categories":[1],"tags":[],"class_list":["post-6947","post","type-post","status-publish","format-standard","hentry","category-scrise-cu-negru"],"_links":{"self":[{"href":"https:\/\/www.dannegru.com\/index.php?rest_route=\/wp\/v2\/posts\/6947"}],"collection":[{"href":"https:\/\/www.dannegru.com\/index.php?rest_route=\/wp\/v2\/posts"}],"about":[{"href":"https:\/\/www.dannegru.com\/index.php?rest_route=\/wp\/v2\/types\/post"}],"author":[{"embeddable":true,"href":"https:\/\/www.dannegru.com\/index.php?rest_route=\/wp\/v2\/users\/2"}],"replies":[{"embeddable":true,"href":"https:\/\/www.dannegru.com\/index.php?rest_route=%2Fwp%2Fv2%2Fcomments&post=6947"}],"version-history":[{"count":1,"href":"https:\/\/www.dannegru.com\/index.php?rest_route=\/wp\/v2\/posts\/6947\/revisions"}],"predecessor-version":[{"id":6949,"href":"https:\/\/www.dannegru.com\/index.php?rest_route=\/wp\/v2\/posts\/6947\/revisions\/6949"}],"wp:attachment":[{"href":"https:\/\/www.dannegru.com\/index.php?rest_route=%2Fwp%2Fv2%2Fmedia&parent=6947"}],"wp:term":[{"taxonomy":"category","embeddable":true,"href":"https:\/\/www.dannegru.com\/index.php?rest_route=%2Fwp%2Fv2%2Fcategories&post=6947"},{"taxonomy":"post_tag","embeddable":true,"href":"https:\/\/www.dannegru.com\/index.php?rest_route=%2Fwp%2Fv2%2Ftags&post=6947"}],"curies":[{"name":"wp","href":"https:\/\/api.w.org\/{rel}","templated":true}]}}