{"id":6877,"date":"2018-12-16T21:25:33","date_gmt":"2018-12-16T19:25:33","guid":{"rendered":"http:\/\/www.dannegru.com\/?p=6877"},"modified":"2018-12-16T21:25:33","modified_gmt":"2018-12-16T19:25:33","slug":"89","status":"publish","type":"post","link":"https:\/\/www.dannegru.com\/?p=6877","title":{"rendered":"89"},"content":{"rendered":"<p>La mine acas\u0103, in Timisoara, e doliu!<br \/>\nCopiii despre care nu vorbe\u0219te nimeni:<br \/>\nCatalin Andronic s-a n\u0103scut pe 23 noiembrie 1989 \u0219i c\u00e2nd a \u00eemplinit o luna de via\u021ba, pe 23 dec \u201889, un glon\u021b r\u0103zle\u021b a intrat pe geamul apartamentului \u0219i l-a nimerit in cap.<br \/>\nInainte de a muri a agonizat \u00eenc\u0103 o ora sub ochii p\u0103rin\u021bilor.<br \/>\n37 de copii au murit in zilele alea.<br \/>\nNICI AZI NU SE \u0218TIE CINE I-A UCIS !!!<br \/>\n#tuv\u0103ngur\u0103<br \/>\nAzi ar fi avut copii, la r\u00e2ndul lor&#8230;<br \/>\n\u2022 Catalin ANDRONIC, Bucure\u015fti, o lun\u0103.<br \/>\n\u2022 Cristina LUNGU, Timi\u015foara, 2 ani.<br \/>\n\u2022 C\u0103t\u0103lina ANGHEL, 3 ani ucis\u0103 \u00een<br \/>\nBucure\u015fti, \u00eempreun\u0103 cu mama ei<br \/>\n\u2022 Alin Paul CHIRC\u0102, Sibiu, 3 ani<br \/>\n\u2022 Samir TULU\u015e, 5 ani, Constan\u0163a<br \/>\n\u2022 Corina RO\u015eCA, Bra\u015fov, 6 ani<br \/>\n\u2022 Cristina AFLOAREI, Timi\u015foara, 7 ani,<br \/>\n\u2022 Laura &#8211; Adreia NEGRU\u0162IU, Timi\u015foara, 9 ani<br \/>\n\u2022 Adriana ATANASIE , Re\u015fi\u0163a, 10 ani.<br \/>\n\u2022 Adrian-Florin NEGRU, Bra\u015fov, 12 ani<br \/>\n\u2022 Petri\u015for BOZAR, Timi\u015foara, 13 ani,<br \/>\n\u2022 Lumini\u0163a BO\u0162OC, Timi\u015foara, 13 ani,<br \/>\n\u2022 Octavian BURCIOAICA, Bucure\u015fti, 13 ani,<br \/>\n\u2022 Adriana V\u0103s\u0103i CHIRI\u0162\u0102, Bucure\u015fti, 13 ani,<br \/>\n\u2022 Cosmin DOGA, Constan\u0163a, 13 ani,<br \/>\n\u2022 Marian NICULESCU, Bucure\u015fti, 13 ani<br \/>\n\u2022 Adina CHIRI\u0162\u0102, Constan\u0163a, 13 ani<br \/>\n\u2022 Gabriela TAKO, Timi\u015foara, 14 ani<br \/>\n\u2022 George-Eduard ATOMEI, Bra\u015fov, 16 ani<br \/>\n\u2022 Nicu\u015for COCHIRLEANU, Bucure\u015fti, 16 ani<br \/>\n\u2022 Costel POENAR, Cluj, 16 ani<br \/>\n\u2022 Raluca Mihaela S\u0102L\u0102JAN, Bucure\u015fti, 16 ani<br \/>\n\u2022 Florian TIAN Florian, Bucure\u015fti, 16 ani<br \/>\n\u2022 Gheorghe CORDUNEANU, Bra\u015fov, 17 ani<br \/>\n\u2022 Alexandru Radu IONESCU, Bucure\u015fti, 17 ani<br \/>\n\u2022 Constantin IOSUB, Timi\u015foara, 17 ani,<br \/>\n\u2022 Gheorghe Iosif KELEMEN, Timi\u015foara, 17 ani<br \/>\n\u2022 Leonard KILINGER, Bucure\u015fti, 17 ani<br \/>\n\u2022 Iulian Liviu MARIN, Bucure\u015fti, 17 ani<br \/>\n\u2022 Victor MATEESCU, Bucure\u015fti, 17 ani<br \/>\n\u2022 Radu Alexandru M\u0102NESCU, Bucure\u015fti, 17 ani<br \/>\n\u2022 Constantin-Cristian R\u0102DULESCU , Bucure\u015fti, 17 ani<br \/>\n\u2022 Ilie TELECEAN, Timi\u015foara, 17 ani<br \/>\n\u2022 Vanea TIMO\u015eENCO, Bucure\u015fti, 17 ani<br \/>\n\u2022 Vasile TINACUI, Bucure\u015fti, 17 ani<br \/>\n\u2022 C\u0103t\u0103lin- Florentin VLADU, Bucure\u015fti, 17 ani<\/p>\n","protected":false},"excerpt":{"rendered":"<p>La mine acas\u0103, in Timisoara, e doliu! Copiii despre care nu vorbe\u0219te nimeni: Catalin Andronic s-a n\u0103scut pe 23 noiembrie 1989 \u0219i c\u00e2nd a \u00eemplinit o luna de via\u021ba, pe 23 dec \u201889, un glon\u021b r\u0103zle\u021b a intrat pe geamul &hellip; <a href=\"https:\/\/www.dannegru.com\/?p=6877\">Continu\u0103 s\u0103 cite\u0219ti <span class=\"meta-nav\">&rarr;<\/span><\/a><\/p>\n","protected":false},"author":2,"featured_media":0,"comment_status":"open","ping_status":"open","sticky":false,"template":"","format":"standard","meta":{"_monsterinsights_skip_tracking":false,"_monsterinsights_sitenote_active":false,"_monsterinsights_sitenote_note":"","_monsterinsights_sitenote_category":0,"footnotes":""},"categories":[1],"tags":[],"class_list":["post-6877","post","type-post","status-publish","format-standard","hentry","category-scrise-cu-negru"],"_links":{"self":[{"href":"https:\/\/www.dannegru.com\/index.php?rest_route=\/wp\/v2\/posts\/6877"}],"collection":[{"href":"https:\/\/www.dannegru.com\/index.php?rest_route=\/wp\/v2\/posts"}],"about":[{"href":"https:\/\/www.dannegru.com\/index.php?rest_route=\/wp\/v2\/types\/post"}],"author":[{"embeddable":true,"href":"https:\/\/www.dannegru.com\/index.php?rest_route=\/wp\/v2\/users\/2"}],"replies":[{"embeddable":true,"href":"https:\/\/www.dannegru.com\/index.php?rest_route=%2Fwp%2Fv2%2Fcomments&post=6877"}],"version-history":[{"count":1,"href":"https:\/\/www.dannegru.com\/index.php?rest_route=\/wp\/v2\/posts\/6877\/revisions"}],"predecessor-version":[{"id":6878,"href":"https:\/\/www.dannegru.com\/index.php?rest_route=\/wp\/v2\/posts\/6877\/revisions\/6878"}],"wp:attachment":[{"href":"https:\/\/www.dannegru.com\/index.php?rest_route=%2Fwp%2Fv2%2Fmedia&parent=6877"}],"wp:term":[{"taxonomy":"category","embeddable":true,"href":"https:\/\/www.dannegru.com\/index.php?rest_route=%2Fwp%2Fv2%2Fcategories&post=6877"},{"taxonomy":"post_tag","embeddable":true,"href":"https:\/\/www.dannegru.com\/index.php?rest_route=%2Fwp%2Fv2%2Ftags&post=6877"}],"curies":[{"name":"wp","href":"https:\/\/api.w.org\/{rel}","templated":true}]}}