{"id":6875,"date":"2018-12-12T08:07:42","date_gmt":"2018-12-12T06:07:42","guid":{"rendered":"http:\/\/www.dannegru.com\/?p=6875"},"modified":"2018-12-12T08:07:42","modified_gmt":"2018-12-12T06:07:42","slug":"nr-1","status":"publish","type":"post","link":"https:\/\/www.dannegru.com\/?p=6875","title":{"rendered":"Nr 1"},"content":{"rendered":"<p>M\u0103 onoreaz\u0103 primul loc din ultimul sondaj f\u0103cut de Avangarde despre prezentatorul preferat de divertisment. <\/p>\n<p>Cu fair play-ul pe care mi l-a \u00eeng\u0103duit mereu Antena spun c\u0103 Barto\u0219, la musta\u021b\u0103 de primul loc, e revela\u021bia ultimilor ani poate si pentru c\u0103 Pro e televiziunea care a stiut cel mai bine sa g\u0103seasc\u0103 echilibrul \u00eentre brand \u0219i newcomer, \u00eentre Esca \u0219i Barto\u0219, \u0219tiind sa le p\u0103streze \u0219i sa le poten\u021beze pe ambele.<br \/>\nAltfel, un studiu previzibil \u0219i dup\u0103 audien\u021bele tv, cu Gadea lider in talk show-uri, l\u00e2ng\u0103 Rare\u0219 Bogdan \u0219i Badea \u0219i cu Andreea Esca zdrobind totul.<br \/>\nhttps:\/\/m.dcnews.ro\/avangarde-sondaj-despre-personalitatile-din-mass-media_627947.html<\/p>\n","protected":false},"excerpt":{"rendered":"<p>M\u0103 onoreaz\u0103 primul loc din ultimul sondaj f\u0103cut de Avangarde despre prezentatorul preferat de divertisment. Cu fair play-ul pe care mi l-a \u00eeng\u0103duit mereu Antena spun c\u0103 Barto\u0219, la musta\u021b\u0103 de primul loc, e revela\u021bia ultimilor ani poate si pentru &hellip; <a href=\"https:\/\/www.dannegru.com\/?p=6875\">Continu\u0103 s\u0103 cite\u0219ti <span class=\"meta-nav\">&rarr;<\/span><\/a><\/p>\n","protected":false},"author":2,"featured_media":0,"comment_status":"open","ping_status":"open","sticky":false,"template":"","format":"standard","meta":{"_monsterinsights_skip_tracking":false,"_monsterinsights_sitenote_active":false,"_monsterinsights_sitenote_note":"","_monsterinsights_sitenote_category":0,"footnotes":""},"categories":[1],"tags":[],"class_list":["post-6875","post","type-post","status-publish","format-standard","hentry","category-scrise-cu-negru"],"_links":{"self":[{"href":"https:\/\/www.dannegru.com\/index.php?rest_route=\/wp\/v2\/posts\/6875"}],"collection":[{"href":"https:\/\/www.dannegru.com\/index.php?rest_route=\/wp\/v2\/posts"}],"about":[{"href":"https:\/\/www.dannegru.com\/index.php?rest_route=\/wp\/v2\/types\/post"}],"author":[{"embeddable":true,"href":"https:\/\/www.dannegru.com\/index.php?rest_route=\/wp\/v2\/users\/2"}],"replies":[{"embeddable":true,"href":"https:\/\/www.dannegru.com\/index.php?rest_route=%2Fwp%2Fv2%2Fcomments&post=6875"}],"version-history":[{"count":1,"href":"https:\/\/www.dannegru.com\/index.php?rest_route=\/wp\/v2\/posts\/6875\/revisions"}],"predecessor-version":[{"id":6876,"href":"https:\/\/www.dannegru.com\/index.php?rest_route=\/wp\/v2\/posts\/6875\/revisions\/6876"}],"wp:attachment":[{"href":"https:\/\/www.dannegru.com\/index.php?rest_route=%2Fwp%2Fv2%2Fmedia&parent=6875"}],"wp:term":[{"taxonomy":"category","embeddable":true,"href":"https:\/\/www.dannegru.com\/index.php?rest_route=%2Fwp%2Fv2%2Fcategories&post=6875"},{"taxonomy":"post_tag","embeddable":true,"href":"https:\/\/www.dannegru.com\/index.php?rest_route=%2Fwp%2Fv2%2Ftags&post=6875"}],"curies":[{"name":"wp","href":"https:\/\/api.w.org\/{rel}","templated":true}]}}