{"id":6858,"date":"2018-11-18T00:13:55","date_gmt":"2018-11-17T22:13:55","guid":{"rendered":"http:\/\/www.dannegru.com\/?p=6858"},"modified":"2018-11-18T00:13:55","modified_gmt":"2018-11-17T22:13:55","slug":"necrolog","status":"publish","type":"post","link":"https:\/\/www.dannegru.com\/?p=6858","title":{"rendered":"Necrolog"},"content":{"rendered":"<p>Nu fake-news-urile sunt o belea ci r\u0103sp\u00e2ndirea lor mai apoi de c\u0103tre site-uri \u0219i publica\u021bii normale la cap. <\/p>\n<p>Doar EVZ a scos intr-o zi 77 mii de vizualiz\u0103ri pe \u0219tirea despre fake news cu Negru cu lum\u00e2narea la cap&#8230;<br \/>\nCa\u021bi din \u0103\u0219tia s-or fi dus pe site-ul cu fake-uri ca s\u0103 le fac\u0103 trafic? <\/p>\n<p>B\u0103ie\u021bii \u0219i-au atins scopul: au ap\u0103rut in toat\u0103 media \u0219i s-au f\u0103cut \u201cni\u0219te\u201d vizualiz\u0103ri.<br \/>\nAdic\u0103 bani&#8230;<\/p>\n<p>A\u0219a vor mai fi mul\u021bi mor\u021bi de acu\u2019nainte ! <\/p>\n<p>\u0102ia normali la cap ar trebui sa nu-i mai preia pe \u0103\u0219tia deregla\u021bi.<br \/>\n<a href=\"https:\/\/www.dannegru.com\/wp-content\/uploads\/2018\/11\/ABA4815C-CE78-4DF6-9B17-4DBB543237D3.jpeg\"><img loading=\"lazy\" decoding=\"async\" src=\"https:\/\/www.dannegru.com\/wp-content\/uploads\/2018\/11\/ABA4815C-CE78-4DF6-9B17-4DBB543237D3-300x300.jpeg\" alt=\"\" width=\"300\" height=\"300\" class=\"aligncenter size-medium wp-image-6859\" srcset=\"https:\/\/www.dannegru.com\/wp-content\/uploads\/2018\/11\/ABA4815C-CE78-4DF6-9B17-4DBB543237D3-300x300.jpeg 300w, https:\/\/www.dannegru.com\/wp-content\/uploads\/2018\/11\/ABA4815C-CE78-4DF6-9B17-4DBB543237D3-150x150.jpeg 150w, https:\/\/www.dannegru.com\/wp-content\/uploads\/2018\/11\/ABA4815C-CE78-4DF6-9B17-4DBB543237D3-768x768.jpeg 768w, https:\/\/www.dannegru.com\/wp-content\/uploads\/2018\/11\/ABA4815C-CE78-4DF6-9B17-4DBB543237D3-1024x1024.jpeg 1024w\" sizes=\"(max-width: 300px) 100vw, 300px\" \/><\/a><\/p>\n","protected":false},"excerpt":{"rendered":"<p>Nu fake-news-urile sunt o belea ci r\u0103sp\u00e2ndirea lor mai apoi de c\u0103tre site-uri \u0219i publica\u021bii normale la cap. Doar EVZ a scos intr-o zi 77 mii de vizualiz\u0103ri pe \u0219tirea despre fake news cu Negru cu lum\u00e2narea la cap&#8230; Ca\u021bi &hellip; <a href=\"https:\/\/www.dannegru.com\/?p=6858\">Continu\u0103 s\u0103 cite\u0219ti <span class=\"meta-nav\">&rarr;<\/span><\/a><\/p>\n","protected":false},"author":2,"featured_media":0,"comment_status":"open","ping_status":"open","sticky":false,"template":"","format":"standard","meta":{"_monsterinsights_skip_tracking":false,"_monsterinsights_sitenote_active":false,"_monsterinsights_sitenote_note":"","_monsterinsights_sitenote_category":0,"footnotes":""},"categories":[1],"tags":[],"class_list":["post-6858","post","type-post","status-publish","format-standard","hentry","category-scrise-cu-negru"],"_links":{"self":[{"href":"https:\/\/www.dannegru.com\/index.php?rest_route=\/wp\/v2\/posts\/6858"}],"collection":[{"href":"https:\/\/www.dannegru.com\/index.php?rest_route=\/wp\/v2\/posts"}],"about":[{"href":"https:\/\/www.dannegru.com\/index.php?rest_route=\/wp\/v2\/types\/post"}],"author":[{"embeddable":true,"href":"https:\/\/www.dannegru.com\/index.php?rest_route=\/wp\/v2\/users\/2"}],"replies":[{"embeddable":true,"href":"https:\/\/www.dannegru.com\/index.php?rest_route=%2Fwp%2Fv2%2Fcomments&post=6858"}],"version-history":[{"count":1,"href":"https:\/\/www.dannegru.com\/index.php?rest_route=\/wp\/v2\/posts\/6858\/revisions"}],"predecessor-version":[{"id":6860,"href":"https:\/\/www.dannegru.com\/index.php?rest_route=\/wp\/v2\/posts\/6858\/revisions\/6860"}],"wp:attachment":[{"href":"https:\/\/www.dannegru.com\/index.php?rest_route=%2Fwp%2Fv2%2Fmedia&parent=6858"}],"wp:term":[{"taxonomy":"category","embeddable":true,"href":"https:\/\/www.dannegru.com\/index.php?rest_route=%2Fwp%2Fv2%2Fcategories&post=6858"},{"taxonomy":"post_tag","embeddable":true,"href":"https:\/\/www.dannegru.com\/index.php?rest_route=%2Fwp%2Fv2%2Ftags&post=6858"}],"curies":[{"name":"wp","href":"https:\/\/api.w.org\/{rel}","templated":true}]}}