{"id":6852,"date":"2018-11-03T12:29:58","date_gmt":"2018-11-03T10:29:58","guid":{"rendered":"http:\/\/www.dannegru.com\/?p=6852"},"modified":"2018-11-03T12:30:44","modified_gmt":"2018-11-03T10:30:44","slug":"povesti-pierdute","status":"publish","type":"post","link":"https:\/\/www.dannegru.com\/?p=6852","title":{"rendered":"Povesti pierdute"},"content":{"rendered":"<p>Pove\u0219ti pierdute&#8230;<br \/>\nL-am \u00eent\u00e2lnit pe Doru Gheaja la Sibiu unde vreo 10 mii de oameni au c\u00e2ntat cu el.<br \/>\nIi \u0219tiau c\u00e2ntecele dar pe el nu-l \u0219tiau.<br \/>\nDoru Gheaja e un preot din Alba Iulia care a f\u0103cut celebre c\u00e2ntecele \u201cTu, Ardeal\u201d \u0219i \u201cA\u0219a-i romanul\u201d.<br \/>\nDoua hituri.<br \/>\nPlec\u00e2nd de la Sibiu, pe drum, mi-a povestit la telefon cum s-a n\u0103scut \u201cTu,Ardeal\u201d&#8230;.<br \/>\nI-am spus ca \u00eenregistrez convorbirea ca s\u0103 v-o ar\u0103t.<br \/>\nAltfel, pove\u0219tile se vor pierde o dat\u0103 cu el.<br \/>\nFace\u021bi-l cunoscut pe Doru Gheaja din Alba !<\/p>\n<p>https:\/\/youtu.be\/YPa3zrQY41s<\/p>\n","protected":false},"excerpt":{"rendered":"<p>Pove\u0219ti pierdute&#8230; L-am \u00eent\u00e2lnit pe Doru Gheaja la Sibiu unde vreo 10 mii de oameni au c\u00e2ntat cu el. Ii \u0219tiau c\u00e2ntecele dar pe el nu-l \u0219tiau. Doru Gheaja e un preot din Alba Iulia care a f\u0103cut celebre c\u00e2ntecele &hellip; <a href=\"https:\/\/www.dannegru.com\/?p=6852\">Continu\u0103 s\u0103 cite\u0219ti <span class=\"meta-nav\">&rarr;<\/span><\/a><\/p>\n","protected":false},"author":2,"featured_media":0,"comment_status":"open","ping_status":"open","sticky":false,"template":"","format":"standard","meta":{"_monsterinsights_skip_tracking":false,"_monsterinsights_sitenote_active":false,"_monsterinsights_sitenote_note":"","_monsterinsights_sitenote_category":0,"footnotes":""},"categories":[1],"tags":[],"class_list":["post-6852","post","type-post","status-publish","format-standard","hentry","category-scrise-cu-negru"],"_links":{"self":[{"href":"https:\/\/www.dannegru.com\/index.php?rest_route=\/wp\/v2\/posts\/6852"}],"collection":[{"href":"https:\/\/www.dannegru.com\/index.php?rest_route=\/wp\/v2\/posts"}],"about":[{"href":"https:\/\/www.dannegru.com\/index.php?rest_route=\/wp\/v2\/types\/post"}],"author":[{"embeddable":true,"href":"https:\/\/www.dannegru.com\/index.php?rest_route=\/wp\/v2\/users\/2"}],"replies":[{"embeddable":true,"href":"https:\/\/www.dannegru.com\/index.php?rest_route=%2Fwp%2Fv2%2Fcomments&post=6852"}],"version-history":[{"count":2,"href":"https:\/\/www.dannegru.com\/index.php?rest_route=\/wp\/v2\/posts\/6852\/revisions"}],"predecessor-version":[{"id":6854,"href":"https:\/\/www.dannegru.com\/index.php?rest_route=\/wp\/v2\/posts\/6852\/revisions\/6854"}],"wp:attachment":[{"href":"https:\/\/www.dannegru.com\/index.php?rest_route=%2Fwp%2Fv2%2Fmedia&parent=6852"}],"wp:term":[{"taxonomy":"category","embeddable":true,"href":"https:\/\/www.dannegru.com\/index.php?rest_route=%2Fwp%2Fv2%2Fcategories&post=6852"},{"taxonomy":"post_tag","embeddable":true,"href":"https:\/\/www.dannegru.com\/index.php?rest_route=%2Fwp%2Fv2%2Ftags&post=6852"}],"curies":[{"name":"wp","href":"https:\/\/api.w.org\/{rel}","templated":true}]}}