{"id":6821,"date":"2018-09-05T09:42:16","date_gmt":"2018-09-05T07:42:16","guid":{"rendered":"http:\/\/www.dannegru.com\/?p=6821"},"modified":"2018-09-05T09:42:24","modified_gmt":"2018-09-05T07:42:24","slug":"mariuca","status":"publish","type":"post","link":"https:\/\/www.dannegru.com\/?p=6821","title":{"rendered":"Mariuca"},"content":{"rendered":"<p>In haosul manualelor \u0219colare mai exist\u0103 o victim\u0103 :<br \/>\nMariuca Ion Zaharia, feti\u021ba de 12 ani c\u0103zut\u0103 in luptele de la M\u0103r\u0103\u0219e\u0219ti dup\u0103 ce a dirijat dintr-un copac un atac al armatei romane.<\/p>\n<p>Au scos-o din c\u0103r\u021bi .<br \/>\nIi \u021bin minte povestea din \u0219coala, spus\u0103 de Dumitru Almaj in \u201cPovestiti istorice\u201d .<\/p>\n<p>\u201c La M\u0103r\u0103\u015fe\u015fti s-a dat cea mai grea, mai \u00eendelungat\u0103 \u015fi mai eroic\u0103 b\u0103t\u0103lie din timpul primului r\u0103zboi mondial.<br \/>\nAcolo, in Mausoleul de la M\u0103r\u0103\u0219e\u0219ti exista o cripta in care e morm\u00e2ntul unei feti\u021be :<br \/>\nMaria Ion Zaharia<br \/>\nS\u0103 v\u0103 explic, dragii mei, de ce se afl\u0103 a\u015fezat\u0103 acolo, la loc de mare cinste, printre osemintele celor jertfi\u0163i \u00een lupt\u0103.<br \/>\nM\u0103riuca tr\u0103ia \u00een satul R\u0103zoare, la casa bunicului ei, Ion Zaharia. Frontul a ajuns \u00een dreptul satului lor \u015fi acolo se d\u0103dea  o cumplit\u0103 b\u0103t\u0103lie \u00eentre armata rom\u00e2n\u0103 \u015fi cea german\u0103.<\/p>\n<p>S-a \u00eent\u00e2mplat ca solda\u0163ii rom\u00e2ni s\u0103 instaleze un post de observa\u0163ie tocmai \u00een nucul cel \u00eenalt \u015fi stufos din livada lui mo\u015f Zaharia.<br \/>\nDar nem\u021bii au \u00eenceput sa bombardeze nucul \u0219tiind ca de acolo vin informa\u021bii pre\u021bioase \u0219i un glonte a nimerit pe sergentul roman care transmitea coordonatele dusmanilor. <\/p>\n<p>Atunci, M\u0103riuca s-a urcat \u00een nuc printre crengile rupte; urm\u0103rea mi\u015fc\u0103rile du\u015fmanilor \u015fi-i anun\u021ba pe cei de jos: \u201eS\u0103 trag\u0103 mai la dreapta!&#8230; A\u015fa&#8230; acum e bine!\u201c<\/p>\n<p>La c\u00e2teva sute de metri de nucul M\u0103riuc\u0103i, nem\u0163i s-au oprit, loviti de artileria noastra.<br \/>\n\u00cen momentul acela, rom\u00e2nii au pornit contraatacul.<br \/>\nFrem\u0103t\u00e2nd de bucurie, feti\u0163a striga de bucurie.<\/p>\n<p>Dar c\u00e2nd se bucura a\u015fa, un glon\u0163 tras de un du\u015fman, care o observase, i-a str\u0103b\u0103tut pieptul.<br \/>\nA amu\u0163it \u015fi a c\u0103zut din nuc. A mai auzit glasul rom\u00e2nilor, r\u0103sun\u00e2nd printre explozii: \u201eUraaaa&#8230;La ataaaaac !!!!&#8230;\u201c<\/p>\n<p>R\u0103sunau \u00een v\u0103zduh \u015fi \u00een urechile \u0219i \u00een sufletul M\u0103riuc\u0103i, ca o n\u0103dejde, ca o m\u00e2ng\u00e2iere.<\/p>\n<p>\u015ei apoi n-a mai auzit nimic.<\/p>\n<p>Rom\u00e2nii au oprit atacul du\u015fmanilor \u015fi i-au respins mult \u00eenapoi.<\/p>\n<p>M\u0103riuca Zaharia \u015fi-a \u00eemplinit o mare \u015fi eroic\u0103 datorie.<\/p>\n<p>Acum \u00een\u0163elege\u0163i, dragii mei, de ce \u00een Mausoleul de la M\u0103r\u0103\u015fe\u015fti, pentru Maria Ion Zaharia, feti\u0163a din nuc, s-a zidit o cript\u0103 de onoare \u015fi un monument. \u201c <\/p>\n<p>Sursa: Povestiri istorice, Dumitru Alamaj <\/p>\n","protected":false},"excerpt":{"rendered":"<p>In haosul manualelor \u0219colare mai exist\u0103 o victim\u0103 : Mariuca Ion Zaharia, feti\u021ba de 12 ani c\u0103zut\u0103 in luptele de la M\u0103r\u0103\u0219e\u0219ti dup\u0103 ce a dirijat dintr-un copac un atac al armatei romane. Au scos-o din c\u0103r\u021bi . Ii \u021bin &hellip; <a href=\"https:\/\/www.dannegru.com\/?p=6821\">Continu\u0103 s\u0103 cite\u0219ti <span class=\"meta-nav\">&rarr;<\/span><\/a><\/p>\n","protected":false},"author":2,"featured_media":0,"comment_status":"open","ping_status":"open","sticky":false,"template":"","format":"standard","meta":{"_monsterinsights_skip_tracking":false,"_monsterinsights_sitenote_active":false,"_monsterinsights_sitenote_note":"","_monsterinsights_sitenote_category":0,"footnotes":""},"categories":[1],"tags":[],"class_list":["post-6821","post","type-post","status-publish","format-standard","hentry","category-scrise-cu-negru"],"_links":{"self":[{"href":"https:\/\/www.dannegru.com\/index.php?rest_route=\/wp\/v2\/posts\/6821"}],"collection":[{"href":"https:\/\/www.dannegru.com\/index.php?rest_route=\/wp\/v2\/posts"}],"about":[{"href":"https:\/\/www.dannegru.com\/index.php?rest_route=\/wp\/v2\/types\/post"}],"author":[{"embeddable":true,"href":"https:\/\/www.dannegru.com\/index.php?rest_route=\/wp\/v2\/users\/2"}],"replies":[{"embeddable":true,"href":"https:\/\/www.dannegru.com\/index.php?rest_route=%2Fwp%2Fv2%2Fcomments&post=6821"}],"version-history":[{"count":2,"href":"https:\/\/www.dannegru.com\/index.php?rest_route=\/wp\/v2\/posts\/6821\/revisions"}],"predecessor-version":[{"id":6823,"href":"https:\/\/www.dannegru.com\/index.php?rest_route=\/wp\/v2\/posts\/6821\/revisions\/6823"}],"wp:attachment":[{"href":"https:\/\/www.dannegru.com\/index.php?rest_route=%2Fwp%2Fv2%2Fmedia&parent=6821"}],"wp:term":[{"taxonomy":"category","embeddable":true,"href":"https:\/\/www.dannegru.com\/index.php?rest_route=%2Fwp%2Fv2%2Fcategories&post=6821"},{"taxonomy":"post_tag","embeddable":true,"href":"https:\/\/www.dannegru.com\/index.php?rest_route=%2Fwp%2Fv2%2Ftags&post=6821"}],"curies":[{"name":"wp","href":"https:\/\/api.w.org\/{rel}","templated":true}]}}