{"id":6796,"date":"2018-07-06T00:12:21","date_gmt":"2018-07-05T22:12:21","guid":{"rendered":"http:\/\/www.dannegru.com\/?p=6796"},"modified":"2018-07-06T00:12:21","modified_gmt":"2018-07-05T22:12:21","slug":"gazeta-de-80","status":"publish","type":"post","link":"https:\/\/www.dannegru.com\/?p=6796","title":{"rendered":"Gazeta de 80&#8230;"},"content":{"rendered":"<p>Ringier a cump\u0103rat Gazeta&#8230;<br \/>\nMa leag\u0103 amintiri multe din anii in care am tr\u0103it sub acela\u0219i acoperi\u0219.<br \/>\nAm fost la un pas sa prezint \u00eempreuna cu Tolontan un show de duminica dup\u0103 amiaza de gen \u201cL\u2019Arena\u201d de la RAI in care Tolo urma sa aib\u0103 fotbalul \u0219i eu divertismentul.<br \/>\nDe c\u00e2te ori a fost invitat la \u201cBlonde\u201d, Ovidiu Ioanitoaia cu pove\u0219tile lui era mereu lider de audien\u021ba&#8230;<br \/>\nSportul ramane ultima reduta morala a romanului.<br \/>\nGazeta a \u00eemplinit 80 de ani.<br \/>\nNici FB, nici Insta \u0219i niciun brand din pia\u021ba media de azi nu vor mai exista peste 80 de ani&#8230;<br \/>\n<a href=\"https:\/\/www.dannegru.com\/wp-content\/uploads\/2018\/07\/36711393_2038436859531102_7643741756114075648_n.jpg\"><img loading=\"lazy\" decoding=\"async\" src=\"https:\/\/www.dannegru.com\/wp-content\/uploads\/2018\/07\/36711393_2038436859531102_7643741756114075648_n-300x225.jpg\" alt=\"\" title=\"36711393_2038436859531102_7643741756114075648_n\" width=\"300\" height=\"225\" class=\"aligncenter size-medium wp-image-6797\" srcset=\"https:\/\/www.dannegru.com\/wp-content\/uploads\/2018\/07\/36711393_2038436859531102_7643741756114075648_n-300x225.jpg 300w, https:\/\/www.dannegru.com\/wp-content\/uploads\/2018\/07\/36711393_2038436859531102_7643741756114075648_n.jpg 960w\" sizes=\"(max-width: 300px) 100vw, 300px\" \/><\/a><\/p>\n","protected":false},"excerpt":{"rendered":"<p>Ringier a cump\u0103rat Gazeta&#8230; Ma leag\u0103 amintiri multe din anii in care am tr\u0103it sub acela\u0219i acoperi\u0219. Am fost la un pas sa prezint \u00eempreuna cu Tolontan un show de duminica dup\u0103 amiaza de gen \u201cL\u2019Arena\u201d de la RAI in &hellip; <a href=\"https:\/\/www.dannegru.com\/?p=6796\">Continu\u0103 s\u0103 cite\u0219ti <span class=\"meta-nav\">&rarr;<\/span><\/a><\/p>\n","protected":false},"author":2,"featured_media":0,"comment_status":"open","ping_status":"open","sticky":false,"template":"","format":"standard","meta":{"_monsterinsights_skip_tracking":false,"_monsterinsights_sitenote_active":false,"_monsterinsights_sitenote_note":"","_monsterinsights_sitenote_category":0,"footnotes":""},"categories":[1],"tags":[],"class_list":["post-6796","post","type-post","status-publish","format-standard","hentry","category-scrise-cu-negru"],"_links":{"self":[{"href":"https:\/\/www.dannegru.com\/index.php?rest_route=\/wp\/v2\/posts\/6796"}],"collection":[{"href":"https:\/\/www.dannegru.com\/index.php?rest_route=\/wp\/v2\/posts"}],"about":[{"href":"https:\/\/www.dannegru.com\/index.php?rest_route=\/wp\/v2\/types\/post"}],"author":[{"embeddable":true,"href":"https:\/\/www.dannegru.com\/index.php?rest_route=\/wp\/v2\/users\/2"}],"replies":[{"embeddable":true,"href":"https:\/\/www.dannegru.com\/index.php?rest_route=%2Fwp%2Fv2%2Fcomments&post=6796"}],"version-history":[{"count":1,"href":"https:\/\/www.dannegru.com\/index.php?rest_route=\/wp\/v2\/posts\/6796\/revisions"}],"predecessor-version":[{"id":6798,"href":"https:\/\/www.dannegru.com\/index.php?rest_route=\/wp\/v2\/posts\/6796\/revisions\/6798"}],"wp:attachment":[{"href":"https:\/\/www.dannegru.com\/index.php?rest_route=%2Fwp%2Fv2%2Fmedia&parent=6796"}],"wp:term":[{"taxonomy":"category","embeddable":true,"href":"https:\/\/www.dannegru.com\/index.php?rest_route=%2Fwp%2Fv2%2Fcategories&post=6796"},{"taxonomy":"post_tag","embeddable":true,"href":"https:\/\/www.dannegru.com\/index.php?rest_route=%2Fwp%2Fv2%2Ftags&post=6796"}],"curies":[{"name":"wp","href":"https:\/\/api.w.org\/{rel}","templated":true}]}}