{"id":6779,"date":"2018-06-01T09:23:36","date_gmt":"2018-06-01T07:23:36","guid":{"rendered":"http:\/\/www.dannegru.com\/?p=6779"},"modified":"2018-06-01T09:23:36","modified_gmt":"2018-06-01T07:23:36","slug":"1-iunie","status":"publish","type":"post","link":"https:\/\/www.dannegru.com\/?p=6779","title":{"rendered":"1 iunie"},"content":{"rendered":"<p>Copiii despre care nu vorbe\u0219te nimeni:<br \/>\nCatalin Andronic s-a n\u0103scut pe 23 noiembrie 1989 \u0219i c\u00e2nd a \u00eemplinit o luna de via\u021ba, pe 23 dec \u201889, un glon\u021b r\u0103zle\u021b a intrat pe geamul apartamentului \u0219i l-a nimerit in cap. Inainte de a muri a agonizat \u00eenc\u0103 o ora sub ochii p\u0103rin\u021bilor.<br \/>\n37 de copii au murit in zilele alea. Nici azi nu se \u0219tie cine i-a ucis.<br \/>\nAzi ar fi avut copii, la r\u00e2ndul lor&#8230;<\/p>\n<p>NICIODATA, NICIUN oficial al statului roman nu le-a amintit vreodat\u0103 numele in discursurile de 1 iunie:<\/p>\n<p>Bo\u0163oc Lumini\u0163a Florina (16.04.1976-17.12.1989)<br \/>\nLungu Cristina (14.03.1987 \u2013 17.12.1989)<br \/>\nTako Gabriela Monica (13.06.1979 \u2013 19.12.1989)<br \/>\nV\u0103rcu\u0219 Claudiu Ioan (08.10.1974 \u2013 17.12.1989)<br \/>\nNegru\u0163iu Andreea (08.08.1980-23.12.1989)<br \/>\nCorduneanu Gheorghe (17.06.1972-22.12.1989)<br \/>\nChirc\u0103 Paul Alin (11.06.1986 \u2013 24.12.1989)<br \/>\nAnghel C\u0103t\u0103lina (25.09.1986 \u2013 23.12.1989)<br \/>\nBodo Marius (15.08.1974 \u2013 22.12.1989).<br \/>\nBurcioaica Octavian (19.03.1976 \u2013 24.12.1989)<br \/>\nConstantin Cristian( 04.12.1972-01.01.1990)<br \/>\nDonea Alexandra (20.06.1972 21.12.1898)<br \/>\nIonescu Alexandru (14.06.1972 \u2013 21.12.1989)<br \/>\nMarin Liviu Iulian (23.11.1972 \u2013 24.12.1989)<br \/>\nMinc\u0103 Siviu \u015etefan (25.01.1975 \u2013 23.12.1989)<br \/>\nMateescu Victor (16.05.1972 \u2013 23.12.1989)<br \/>\nNiculescu Marian (19.02.1976 \u2013 24.12.1989)<\/p>\n","protected":false},"excerpt":{"rendered":"<p>Copiii despre care nu vorbe\u0219te nimeni: Catalin Andronic s-a n\u0103scut pe 23 noiembrie 1989 \u0219i c\u00e2nd a \u00eemplinit o luna de via\u021ba, pe 23 dec \u201889, un glon\u021b r\u0103zle\u021b a intrat pe geamul apartamentului \u0219i l-a nimerit in cap. Inainte &hellip; <a href=\"https:\/\/www.dannegru.com\/?p=6779\">Continu\u0103 s\u0103 cite\u0219ti <span class=\"meta-nav\">&rarr;<\/span><\/a><\/p>\n","protected":false},"author":2,"featured_media":0,"comment_status":"open","ping_status":"open","sticky":false,"template":"","format":"standard","meta":{"_monsterinsights_skip_tracking":false,"_monsterinsights_sitenote_active":false,"_monsterinsights_sitenote_note":"","_monsterinsights_sitenote_category":0,"footnotes":""},"categories":[1],"tags":[],"class_list":["post-6779","post","type-post","status-publish","format-standard","hentry","category-scrise-cu-negru"],"_links":{"self":[{"href":"https:\/\/www.dannegru.com\/index.php?rest_route=\/wp\/v2\/posts\/6779"}],"collection":[{"href":"https:\/\/www.dannegru.com\/index.php?rest_route=\/wp\/v2\/posts"}],"about":[{"href":"https:\/\/www.dannegru.com\/index.php?rest_route=\/wp\/v2\/types\/post"}],"author":[{"embeddable":true,"href":"https:\/\/www.dannegru.com\/index.php?rest_route=\/wp\/v2\/users\/2"}],"replies":[{"embeddable":true,"href":"https:\/\/www.dannegru.com\/index.php?rest_route=%2Fwp%2Fv2%2Fcomments&post=6779"}],"version-history":[{"count":1,"href":"https:\/\/www.dannegru.com\/index.php?rest_route=\/wp\/v2\/posts\/6779\/revisions"}],"predecessor-version":[{"id":6780,"href":"https:\/\/www.dannegru.com\/index.php?rest_route=\/wp\/v2\/posts\/6779\/revisions\/6780"}],"wp:attachment":[{"href":"https:\/\/www.dannegru.com\/index.php?rest_route=%2Fwp%2Fv2%2Fmedia&parent=6779"}],"wp:term":[{"taxonomy":"category","embeddable":true,"href":"https:\/\/www.dannegru.com\/index.php?rest_route=%2Fwp%2Fv2%2Fcategories&post=6779"},{"taxonomy":"post_tag","embeddable":true,"href":"https:\/\/www.dannegru.com\/index.php?rest_route=%2Fwp%2Fv2%2Ftags&post=6779"}],"curies":[{"name":"wp","href":"https:\/\/api.w.org\/{rel}","templated":true}]}}