{"id":6774,"date":"2018-05-15T16:36:44","date_gmt":"2018-05-15T14:36:44","guid":{"rendered":"http:\/\/www.dannegru.com\/?p=6774"},"modified":"2018-05-15T16:36:44","modified_gmt":"2018-05-15T14:36:44","slug":"topescu","status":"publish","type":"post","link":"https:\/\/www.dannegru.com\/?p=6774","title":{"rendered":"Topescu"},"content":{"rendered":"<p>Nu-mi amintesc ca-n ultimii 15 ani, Cristian Topescu sa nu ma fi sunat de ziua mea.<br \/>\nO f\u0103cea cu aproape toti colegii mei din media \u0219i \u00eel \u00eentrebam mereu unde-\u0219i noteaz\u0103 zilele noastre de na\u0219tere!<\/p>\n<p>Sunt m\u00e2hnit! Acu\u2019 un an, de ziua meciului Rom\u00e2nia-Danemarca, Topescu \u00eemplinea 80 de ani. Era \u00eenc\u0103 lucid \u0219i ambi\u021bios \u0219i am propus TVR sa-l invite guest star la microfonul de comentator.<br \/>\nCa un cadou de 80 de ani.<br \/>\n\u00cenc\u0103 nu era t\u00e2rziu..<\/p>\n<p>Cei multi, pe care-i suna de ziua lor, nu i-au f\u0103cut cadoul!<br \/>\nAcum e t\u00e2rziu&#8230;<br \/>\n<a href=\"https:\/\/www.dannegru.com\/wp-content\/uploads\/2018\/05\/32587451_1868188546535411_8461913136008527872_n2.jpg\"><img loading=\"lazy\" decoding=\"async\" src=\"https:\/\/www.dannegru.com\/wp-content\/uploads\/2018\/05\/32587451_1868188546535411_8461913136008527872_n2-156x300.jpg\" alt=\"\" title=\"32587451_1868188546535411_8461913136008527872_n\" width=\"156\" height=\"300\" class=\"aligncenter size-medium wp-image-6777\" srcset=\"https:\/\/www.dannegru.com\/wp-content\/uploads\/2018\/05\/32587451_1868188546535411_8461913136008527872_n2-156x300.jpg 156w, https:\/\/www.dannegru.com\/wp-content\/uploads\/2018\/05\/32587451_1868188546535411_8461913136008527872_n2.jpg 500w\" sizes=\"(max-width: 156px) 100vw, 156px\" \/><\/a><\/p>\n","protected":false},"excerpt":{"rendered":"<p>Nu-mi amintesc ca-n ultimii 15 ani, Cristian Topescu sa nu ma fi sunat de ziua mea. O f\u0103cea cu aproape toti colegii mei din media \u0219i \u00eel \u00eentrebam mereu unde-\u0219i noteaz\u0103 zilele noastre de na\u0219tere! Sunt m\u00e2hnit! Acu\u2019 un an, &hellip; <a href=\"https:\/\/www.dannegru.com\/?p=6774\">Continu\u0103 s\u0103 cite\u0219ti <span class=\"meta-nav\">&rarr;<\/span><\/a><\/p>\n","protected":false},"author":2,"featured_media":0,"comment_status":"open","ping_status":"open","sticky":false,"template":"","format":"standard","meta":{"_monsterinsights_skip_tracking":false,"_monsterinsights_sitenote_active":false,"_monsterinsights_sitenote_note":"","_monsterinsights_sitenote_category":0,"footnotes":""},"categories":[1],"tags":[],"class_list":["post-6774","post","type-post","status-publish","format-standard","hentry","category-scrise-cu-negru"],"_links":{"self":[{"href":"https:\/\/www.dannegru.com\/index.php?rest_route=\/wp\/v2\/posts\/6774"}],"collection":[{"href":"https:\/\/www.dannegru.com\/index.php?rest_route=\/wp\/v2\/posts"}],"about":[{"href":"https:\/\/www.dannegru.com\/index.php?rest_route=\/wp\/v2\/types\/post"}],"author":[{"embeddable":true,"href":"https:\/\/www.dannegru.com\/index.php?rest_route=\/wp\/v2\/users\/2"}],"replies":[{"embeddable":true,"href":"https:\/\/www.dannegru.com\/index.php?rest_route=%2Fwp%2Fv2%2Fcomments&post=6774"}],"version-history":[{"count":1,"href":"https:\/\/www.dannegru.com\/index.php?rest_route=\/wp\/v2\/posts\/6774\/revisions"}],"predecessor-version":[{"id":6778,"href":"https:\/\/www.dannegru.com\/index.php?rest_route=\/wp\/v2\/posts\/6774\/revisions\/6778"}],"wp:attachment":[{"href":"https:\/\/www.dannegru.com\/index.php?rest_route=%2Fwp%2Fv2%2Fmedia&parent=6774"}],"wp:term":[{"taxonomy":"category","embeddable":true,"href":"https:\/\/www.dannegru.com\/index.php?rest_route=%2Fwp%2Fv2%2Fcategories&post=6774"},{"taxonomy":"post_tag","embeddable":true,"href":"https:\/\/www.dannegru.com\/index.php?rest_route=%2Fwp%2Fv2%2Ftags&post=6774"}],"curies":[{"name":"wp","href":"https:\/\/api.w.org\/{rel}","templated":true}]}}