{"id":6739,"date":"2018-03-22T10:30:47","date_gmt":"2018-03-22T08:30:47","guid":{"rendered":"http:\/\/www.dannegru.com\/?p=6739"},"modified":"2018-03-22T10:30:47","modified_gmt":"2018-03-22T08:30:47","slug":"andrei-gheorghe","status":"publish","type":"post","link":"https:\/\/www.dannegru.com\/?p=6739","title":{"rendered":"Andrei Gheorghe"},"content":{"rendered":"<p>\u201cNu fi bou! Nu ma mai chema!\u201d asa mi-a refuzat ultima data Andrei invita\u021bia de a veni in show-ul meu! Eram in restaurantul Nobil din Chi\u0219in\u0103u, lucram amandoi pentru PrimeTV \u0219i \u00eel tot b\u0103team la cap sa vina invitat la \u201cBlonde\u201d \u00eempreuna cu Vadim Tudor. Ma refuza mereu! La Chi\u0219in\u0103u, c\u00e2nd voia sa nu inteleg ce spune o rupea pe ruse\u0219te cu cei din jur! Cand a fost arestat pe motiv ca ar fi consumat droguri, PRO nu s-a dezis de el, mai mult de at\u00e2t, bossul Pro, Adrian Sarbu l-a sus\u021binut public..Cool, cu energie \u0219i lumina. F\u0103r\u0103 g\u00e2nduri negre. Poate doar asta:<br \/>\n<a href='https:\/\/www.dannegru.com\/wp-content\/uploads\/2018\/03\/29292010_210687323019750_2296763907911450624_n.mp4'>29292010_210687323019750_2296763907911450624_n<\/a><\/p>\n","protected":false},"excerpt":{"rendered":"<p>\u201cNu fi bou! Nu ma mai chema!\u201d asa mi-a refuzat ultima data Andrei invita\u021bia de a veni in show-ul meu! Eram in restaurantul Nobil din Chi\u0219in\u0103u, lucram amandoi pentru PrimeTV \u0219i \u00eel tot b\u0103team la cap sa vina invitat la &hellip; <a href=\"https:\/\/www.dannegru.com\/?p=6739\">Continu\u0103 s\u0103 cite\u0219ti <span class=\"meta-nav\">&rarr;<\/span><\/a><\/p>\n","protected":false},"author":2,"featured_media":0,"comment_status":"open","ping_status":"open","sticky":false,"template":"","format":"standard","meta":{"_monsterinsights_skip_tracking":false,"_monsterinsights_sitenote_active":false,"_monsterinsights_sitenote_note":"","_monsterinsights_sitenote_category":0,"footnotes":""},"categories":[1],"tags":[],"class_list":["post-6739","post","type-post","status-publish","format-standard","hentry","category-scrise-cu-negru"],"_links":{"self":[{"href":"https:\/\/www.dannegru.com\/index.php?rest_route=\/wp\/v2\/posts\/6739"}],"collection":[{"href":"https:\/\/www.dannegru.com\/index.php?rest_route=\/wp\/v2\/posts"}],"about":[{"href":"https:\/\/www.dannegru.com\/index.php?rest_route=\/wp\/v2\/types\/post"}],"author":[{"embeddable":true,"href":"https:\/\/www.dannegru.com\/index.php?rest_route=\/wp\/v2\/users\/2"}],"replies":[{"embeddable":true,"href":"https:\/\/www.dannegru.com\/index.php?rest_route=%2Fwp%2Fv2%2Fcomments&post=6739"}],"version-history":[{"count":1,"href":"https:\/\/www.dannegru.com\/index.php?rest_route=\/wp\/v2\/posts\/6739\/revisions"}],"predecessor-version":[{"id":6741,"href":"https:\/\/www.dannegru.com\/index.php?rest_route=\/wp\/v2\/posts\/6739\/revisions\/6741"}],"wp:attachment":[{"href":"https:\/\/www.dannegru.com\/index.php?rest_route=%2Fwp%2Fv2%2Fmedia&parent=6739"}],"wp:term":[{"taxonomy":"category","embeddable":true,"href":"https:\/\/www.dannegru.com\/index.php?rest_route=%2Fwp%2Fv2%2Fcategories&post=6739"},{"taxonomy":"post_tag","embeddable":true,"href":"https:\/\/www.dannegru.com\/index.php?rest_route=%2Fwp%2Fv2%2Ftags&post=6739"}],"curies":[{"name":"wp","href":"https:\/\/api.w.org\/{rel}","templated":true}]}}