{"id":6668,"date":"2017-11-16T21:48:38","date_gmt":"2017-11-16T19:48:38","guid":{"rendered":"http:\/\/www.dannegru.com\/?p=6668"},"modified":"2017-11-16T21:48:38","modified_gmt":"2017-11-16T19:48:38","slug":"futuvanguracupoliticavoastra","status":"publish","type":"post","link":"https:\/\/www.dannegru.com\/?p=6668","title":{"rendered":"#futuvanguracupoliticavoastra"},"content":{"rendered":"<p>Vad la televizor ca barosanii din politica sunt la Herculane, inso\u021bi\u021bi de o gasca mare de jurnali\u0219ti. Mi se rupe de politica dar ii rog pe jurnali\u0219ti sa pun\u0103 camerele de filmat \u0219i pe sta\u021biune! Romanii au construit-o acu\u2019 doua mii de ani, pe vremea imparatului Traian, candva era cea mai luxoasa sta\u021biunea balneo din Europa, printesa Sissy scria in jurnalul ei ca Herculane e locul \u201cluxului des\u0103v\u00e2r\u0219it\u201d.Construita in 2000 de ani, ai nostri au facut-o praf in 20 ! In copilarie st\u0103team cu bunicii mei cel pu\u021bin o luna pe an la Herculane, ii cunosc mun\u021bii, cl\u0103dirile, str\u0103zile.Au distrus tot !Dac\u0103 tot sunte\u021bi acolo, filma\u021bi \u0219i jaful f\u0103cut la Herculane! Statiunea preferata a imparatului roman Marc-Aurelius si cea mai luxoasa din Europa in vremea imperiului Austro-Ungar ! Ar trebui interzisa intrarea oricarui politician in Herculane, e ca si cum un criminal se intoarce la locul faptei&#8230;.#futuvanguracupoliticavoastra<br \/>\n<a href=\"https:\/\/www.dannegru.com\/wp-content\/uploads\/2017\/11\/23658595_1676682372352697_4214677631646107876_n.jpg\"><img loading=\"lazy\" decoding=\"async\" src=\"https:\/\/www.dannegru.com\/wp-content\/uploads\/2017\/11\/23658595_1676682372352697_4214677631646107876_n-300x200.jpg\" alt=\"\" title=\"23658595_1676682372352697_4214677631646107876_n\" width=\"300\" height=\"200\" class=\"aligncenter size-medium wp-image-6669\" srcset=\"https:\/\/www.dannegru.com\/wp-content\/uploads\/2017\/11\/23658595_1676682372352697_4214677631646107876_n-300x200.jpg 300w, https:\/\/www.dannegru.com\/wp-content\/uploads\/2017\/11\/23658595_1676682372352697_4214677631646107876_n.jpg 639w\" sizes=\"(max-width: 300px) 100vw, 300px\" \/><\/a><\/p>\n","protected":false},"excerpt":{"rendered":"<p>Vad la televizor ca barosanii din politica sunt la Herculane, inso\u021bi\u021bi de o gasca mare de jurnali\u0219ti. Mi se rupe de politica dar ii rog pe jurnali\u0219ti sa pun\u0103 camerele de filmat \u0219i pe sta\u021biune! Romanii au construit-o acu\u2019 doua &hellip; <a href=\"https:\/\/www.dannegru.com\/?p=6668\">Continu\u0103 s\u0103 cite\u0219ti <span class=\"meta-nav\">&rarr;<\/span><\/a><\/p>\n","protected":false},"author":2,"featured_media":0,"comment_status":"open","ping_status":"open","sticky":false,"template":"","format":"standard","meta":{"_monsterinsights_skip_tracking":false,"_monsterinsights_sitenote_active":false,"_monsterinsights_sitenote_note":"","_monsterinsights_sitenote_category":0,"footnotes":""},"categories":[1],"tags":[],"class_list":["post-6668","post","type-post","status-publish","format-standard","hentry","category-scrise-cu-negru"],"_links":{"self":[{"href":"https:\/\/www.dannegru.com\/index.php?rest_route=\/wp\/v2\/posts\/6668"}],"collection":[{"href":"https:\/\/www.dannegru.com\/index.php?rest_route=\/wp\/v2\/posts"}],"about":[{"href":"https:\/\/www.dannegru.com\/index.php?rest_route=\/wp\/v2\/types\/post"}],"author":[{"embeddable":true,"href":"https:\/\/www.dannegru.com\/index.php?rest_route=\/wp\/v2\/users\/2"}],"replies":[{"embeddable":true,"href":"https:\/\/www.dannegru.com\/index.php?rest_route=%2Fwp%2Fv2%2Fcomments&post=6668"}],"version-history":[{"count":1,"href":"https:\/\/www.dannegru.com\/index.php?rest_route=\/wp\/v2\/posts\/6668\/revisions"}],"predecessor-version":[{"id":6670,"href":"https:\/\/www.dannegru.com\/index.php?rest_route=\/wp\/v2\/posts\/6668\/revisions\/6670"}],"wp:attachment":[{"href":"https:\/\/www.dannegru.com\/index.php?rest_route=%2Fwp%2Fv2%2Fmedia&parent=6668"}],"wp:term":[{"taxonomy":"category","embeddable":true,"href":"https:\/\/www.dannegru.com\/index.php?rest_route=%2Fwp%2Fv2%2Fcategories&post=6668"},{"taxonomy":"post_tag","embeddable":true,"href":"https:\/\/www.dannegru.com\/index.php?rest_route=%2Fwp%2Fv2%2Ftags&post=6668"}],"curies":[{"name":"wp","href":"https:\/\/api.w.org\/{rel}","templated":true}]}}