{"id":6665,"date":"2017-11-11T15:13:07","date_gmt":"2017-11-11T13:13:07","guid":{"rendered":"http:\/\/www.dannegru.com\/?p=6665"},"modified":"2017-11-11T15:13:07","modified_gmt":"2017-11-11T13:13:07","slug":"floarea-de-mac-2","status":"publish","type":"post","link":"https:\/\/www.dannegru.com\/?p=6665","title":{"rendered":"Floarea de mac"},"content":{"rendered":"<p>Vad azi la televizor moderatori care poarta o floare rosie la rever,preluand moda televiziunilor din Anglia. Azi se implinesc 99 de ani de la incheierea Primului Razboi Mondial si pentru ca pe campurile de lupta din Franta si Belgia unde au murit cei mai multi soldati englezi erau flori de maci, floarea asta a ramas un simbol in amintirea celor morti.Cea mai veche floare de mac din Anglia a fost culeas\u0103 \u00een 1916 \u00een timpul luptei s\u00e2ngeroase din Arras, Fran\u0163a. T\u00e2n\u0103rul de 17 ani care a cules-o i-a trimis-o mamei sale lipit\u0103 de o h\u00e2rtie cu un bilet pe care scria: \u201cAmintire din tran\u015feele de l\u00e2ng\u0103 Arras, mai 1916\u2033. O puteti vedea oricand la British Museum.<br \/>\n<a href=\"https:\/\/www.dannegru.com\/wp-content\/uploads\/2017\/11\/gettyimages-183097600-2.jpg\"><img loading=\"lazy\" decoding=\"async\" src=\"https:\/\/www.dannegru.com\/wp-content\/uploads\/2017\/11\/gettyimages-183097600-2-300x199.jpg\" alt=\"\" title=\"gettyimages-183097600-2\" width=\"300\" height=\"199\" class=\"aligncenter size-medium wp-image-6666\" srcset=\"https:\/\/www.dannegru.com\/wp-content\/uploads\/2017\/11\/gettyimages-183097600-2-300x199.jpg 300w, https:\/\/www.dannegru.com\/wp-content\/uploads\/2017\/11\/gettyimages-183097600-2.jpg 980w\" sizes=\"(max-width: 300px) 100vw, 300px\" \/><\/a><\/p>\n","protected":false},"excerpt":{"rendered":"<p>Vad azi la televizor moderatori care poarta o floare rosie la rever,preluand moda televiziunilor din Anglia. Azi se implinesc 99 de ani de la incheierea Primului Razboi Mondial si pentru ca pe campurile de lupta din Franta si Belgia unde &hellip; <a href=\"https:\/\/www.dannegru.com\/?p=6665\">Continu\u0103 s\u0103 cite\u0219ti <span class=\"meta-nav\">&rarr;<\/span><\/a><\/p>\n","protected":false},"author":2,"featured_media":0,"comment_status":"open","ping_status":"open","sticky":false,"template":"","format":"standard","meta":{"_monsterinsights_skip_tracking":false,"_monsterinsights_sitenote_active":false,"_monsterinsights_sitenote_note":"","_monsterinsights_sitenote_category":0,"footnotes":""},"categories":[1],"tags":[],"class_list":["post-6665","post","type-post","status-publish","format-standard","hentry","category-scrise-cu-negru"],"_links":{"self":[{"href":"https:\/\/www.dannegru.com\/index.php?rest_route=\/wp\/v2\/posts\/6665"}],"collection":[{"href":"https:\/\/www.dannegru.com\/index.php?rest_route=\/wp\/v2\/posts"}],"about":[{"href":"https:\/\/www.dannegru.com\/index.php?rest_route=\/wp\/v2\/types\/post"}],"author":[{"embeddable":true,"href":"https:\/\/www.dannegru.com\/index.php?rest_route=\/wp\/v2\/users\/2"}],"replies":[{"embeddable":true,"href":"https:\/\/www.dannegru.com\/index.php?rest_route=%2Fwp%2Fv2%2Fcomments&post=6665"}],"version-history":[{"count":1,"href":"https:\/\/www.dannegru.com\/index.php?rest_route=\/wp\/v2\/posts\/6665\/revisions"}],"predecessor-version":[{"id":6667,"href":"https:\/\/www.dannegru.com\/index.php?rest_route=\/wp\/v2\/posts\/6665\/revisions\/6667"}],"wp:attachment":[{"href":"https:\/\/www.dannegru.com\/index.php?rest_route=%2Fwp%2Fv2%2Fmedia&parent=6665"}],"wp:term":[{"taxonomy":"category","embeddable":true,"href":"https:\/\/www.dannegru.com\/index.php?rest_route=%2Fwp%2Fv2%2Fcategories&post=6665"},{"taxonomy":"post_tag","embeddable":true,"href":"https:\/\/www.dannegru.com\/index.php?rest_route=%2Fwp%2Fv2%2Ftags&post=6665"}],"curies":[{"name":"wp","href":"https:\/\/api.w.org\/{rel}","templated":true}]}}