{"id":6622,"date":"2017-07-20T09:40:08","date_gmt":"2017-07-20T07:40:08","guid":{"rendered":"http:\/\/www.dannegru.com\/?p=6622"},"modified":"2017-07-20T09:40:08","modified_gmt":"2017-07-20T07:40:08","slug":"ieri-azi","status":"publish","type":"post","link":"https:\/\/www.dannegru.com\/?p=6622","title":{"rendered":"Ieri, azi&#8230;"},"content":{"rendered":"<p>Astea erau vedetele tv de acu&#8217; 15 ani. In anii \u0103\u0219tia au ap\u0103rut televiziuni noi dar \u0219i \u0219efi de televiziuni care au \u00eencercat mereu sa reinventeze. Unii, mul\u021bi, concedia\u021bi de patroni dup\u0103 c\u00e2teva sezoane tocmai din cauza asta..Din p\u0103cate singurele apari\u021bii noi care sa merite atentia in prime-time sunt Smiley \u0219i Pavel Barto\u0219. In rest, revista e aceea\u0219i:  Raduleasca, Moisescu \u0219i Calinescu rup audientele  la &#8222;Romanii au talent&#8221;, Cabral e lider cu &#8222;Ce spun Romanii&#8221;, Teo, la Kanal, e lider, Iantu are cel mai urm\u0103rit quizz de la TVR, Banica \u0219i Brenciu sunt la X Factor, Loredana sau Chirila sunt la Vocea Rom\u00e2niei dupa cum Esca e de departe nr 1 in \u0219tirile tv. Din tabloul de mai jos, o singura vedeta a migrat din scena spre management, Augusta Lazarov. In rest, to\u021bi sunt neclinti\u021bi pe sticla&#8230;Am povestit despre astea azi, pe avion, cu un fost director de tv care a ie\u0219it din business tv dup\u0103 ce a crezut ca fetze noi de crainice tv o pot \u00eenvinge pe Esca. N-a reu\u0219it&#8230;La cobor\u00e2re, ne-am uitat \u00eempreuna pe audientele de asear\u0103. \u0102la mic \u0219i Negru din dreapta fotografiei a adunat cu o reluare, ieri, mai mul\u021bi telespectatori dec\u00e2t multe alte show-uri difuzate in prim\u0103vara \u0219i vara asta premiera&#8230;Iaca ieri, iaca azi<a href=\"https:\/\/www.dannegru.com\/wp-content\/uploads\/2017\/07\/IMG_2884.jpg\"><img loading=\"lazy\" decoding=\"async\" src=\"https:\/\/www.dannegru.com\/wp-content\/uploads\/2017\/07\/IMG_2884-225x300.jpg\" alt=\"\" title=\"IMG_2884\" width=\"225\" height=\"300\" class=\"aligncenter size-medium wp-image-6623\" srcset=\"https:\/\/www.dannegru.com\/wp-content\/uploads\/2017\/07\/IMG_2884-225x300.jpg 225w, https:\/\/www.dannegru.com\/wp-content\/uploads\/2017\/07\/IMG_2884.jpg 720w\" sizes=\"(max-width: 225px) 100vw, 225px\" \/><\/a>: <\/p>\n","protected":false},"excerpt":{"rendered":"<p>Astea erau vedetele tv de acu&#8217; 15 ani. In anii \u0103\u0219tia au ap\u0103rut televiziuni noi dar \u0219i \u0219efi de televiziuni care au \u00eencercat mereu sa reinventeze. Unii, mul\u021bi, concedia\u021bi de patroni dup\u0103 c\u00e2teva sezoane tocmai din cauza asta..Din p\u0103cate singurele &hellip; <a href=\"https:\/\/www.dannegru.com\/?p=6622\">Continu\u0103 s\u0103 cite\u0219ti <span class=\"meta-nav\">&rarr;<\/span><\/a><\/p>\n","protected":false},"author":2,"featured_media":0,"comment_status":"open","ping_status":"open","sticky":false,"template":"","format":"standard","meta":{"_monsterinsights_skip_tracking":false,"_monsterinsights_sitenote_active":false,"_monsterinsights_sitenote_note":"","_monsterinsights_sitenote_category":0,"footnotes":""},"categories":[1],"tags":[],"class_list":["post-6622","post","type-post","status-publish","format-standard","hentry","category-scrise-cu-negru"],"_links":{"self":[{"href":"https:\/\/www.dannegru.com\/index.php?rest_route=\/wp\/v2\/posts\/6622"}],"collection":[{"href":"https:\/\/www.dannegru.com\/index.php?rest_route=\/wp\/v2\/posts"}],"about":[{"href":"https:\/\/www.dannegru.com\/index.php?rest_route=\/wp\/v2\/types\/post"}],"author":[{"embeddable":true,"href":"https:\/\/www.dannegru.com\/index.php?rest_route=\/wp\/v2\/users\/2"}],"replies":[{"embeddable":true,"href":"https:\/\/www.dannegru.com\/index.php?rest_route=%2Fwp%2Fv2%2Fcomments&post=6622"}],"version-history":[{"count":1,"href":"https:\/\/www.dannegru.com\/index.php?rest_route=\/wp\/v2\/posts\/6622\/revisions"}],"predecessor-version":[{"id":6624,"href":"https:\/\/www.dannegru.com\/index.php?rest_route=\/wp\/v2\/posts\/6622\/revisions\/6624"}],"wp:attachment":[{"href":"https:\/\/www.dannegru.com\/index.php?rest_route=%2Fwp%2Fv2%2Fmedia&parent=6622"}],"wp:term":[{"taxonomy":"category","embeddable":true,"href":"https:\/\/www.dannegru.com\/index.php?rest_route=%2Fwp%2Fv2%2Fcategories&post=6622"},{"taxonomy":"post_tag","embeddable":true,"href":"https:\/\/www.dannegru.com\/index.php?rest_route=%2Fwp%2Fv2%2Ftags&post=6622"}],"curies":[{"name":"wp","href":"https:\/\/api.w.org\/{rel}","templated":true}]}}