{"id":6567,"date":"2017-05-22T09:24:54","date_gmt":"2017-05-22T07:24:54","guid":{"rendered":"http:\/\/www.dannegru.com\/?p=6567"},"modified":"2017-05-22T09:24:54","modified_gmt":"2017-05-22T07:24:54","slug":"chilotareala","status":"publish","type":"post","link":"https:\/\/www.dannegru.com\/?p=6567","title":{"rendered":"Chilotareala"},"content":{"rendered":"<p>Eram in liftul de la TVR, urcam la divertisment la o \u0219edin\u021ba despre Festivalul Mamaia pe care urma sa-l prezint \u0219i-n lift era si Iosif Sava. A t\u0103cut vreo c\u00e2teva etaje \u0219i apoi mi-a spus cu voce-i bubuitoare : &#8222;Chilotareala n-o sa \u00eenving\u00e2, domnule Negru&#8221;. Sunt vreo 20 de ani de atunci. Am trecut asear\u0103 prin pia\u021ba care-i poarta numele&#8230;<a href=\"https:\/\/www.dannegru.com\/wp-content\/uploads\/2017\/05\/IMG_2089.jpg\"><img loading=\"lazy\" decoding=\"async\" src=\"https:\/\/www.dannegru.com\/wp-content\/uploads\/2017\/05\/IMG_2089-300x225.jpg\" alt=\"\" title=\"IMG_2089\" width=\"300\" height=\"225\" class=\"aligncenter size-medium wp-image-6568\" srcset=\"https:\/\/www.dannegru.com\/wp-content\/uploads\/2017\/05\/IMG_2089-300x225.jpg 300w, https:\/\/www.dannegru.com\/wp-content\/uploads\/2017\/05\/IMG_2089-1024x769.jpg 1024w\" sizes=\"(max-width: 300px) 100vw, 300px\" \/><\/a><\/p>\n","protected":false},"excerpt":{"rendered":"<p>Eram in liftul de la TVR, urcam la divertisment la o \u0219edin\u021ba despre Festivalul Mamaia pe care urma sa-l prezint \u0219i-n lift era si Iosif Sava. A t\u0103cut vreo c\u00e2teva etaje \u0219i apoi mi-a spus cu voce-i bubuitoare : &#8222;Chilotareala &hellip; <a href=\"https:\/\/www.dannegru.com\/?p=6567\">Continu\u0103 s\u0103 cite\u0219ti <span class=\"meta-nav\">&rarr;<\/span><\/a><\/p>\n","protected":false},"author":2,"featured_media":0,"comment_status":"open","ping_status":"open","sticky":false,"template":"","format":"standard","meta":{"_monsterinsights_skip_tracking":false,"_monsterinsights_sitenote_active":false,"_monsterinsights_sitenote_note":"","_monsterinsights_sitenote_category":0,"footnotes":""},"categories":[1],"tags":[],"class_list":["post-6567","post","type-post","status-publish","format-standard","hentry","category-scrise-cu-negru"],"_links":{"self":[{"href":"https:\/\/www.dannegru.com\/index.php?rest_route=\/wp\/v2\/posts\/6567"}],"collection":[{"href":"https:\/\/www.dannegru.com\/index.php?rest_route=\/wp\/v2\/posts"}],"about":[{"href":"https:\/\/www.dannegru.com\/index.php?rest_route=\/wp\/v2\/types\/post"}],"author":[{"embeddable":true,"href":"https:\/\/www.dannegru.com\/index.php?rest_route=\/wp\/v2\/users\/2"}],"replies":[{"embeddable":true,"href":"https:\/\/www.dannegru.com\/index.php?rest_route=%2Fwp%2Fv2%2Fcomments&post=6567"}],"version-history":[{"count":1,"href":"https:\/\/www.dannegru.com\/index.php?rest_route=\/wp\/v2\/posts\/6567\/revisions"}],"predecessor-version":[{"id":6569,"href":"https:\/\/www.dannegru.com\/index.php?rest_route=\/wp\/v2\/posts\/6567\/revisions\/6569"}],"wp:attachment":[{"href":"https:\/\/www.dannegru.com\/index.php?rest_route=%2Fwp%2Fv2%2Fmedia&parent=6567"}],"wp:term":[{"taxonomy":"category","embeddable":true,"href":"https:\/\/www.dannegru.com\/index.php?rest_route=%2Fwp%2Fv2%2Fcategories&post=6567"},{"taxonomy":"post_tag","embeddable":true,"href":"https:\/\/www.dannegru.com\/index.php?rest_route=%2Fwp%2Fv2%2Ftags&post=6567"}],"curies":[{"name":"wp","href":"https:\/\/api.w.org\/{rel}","templated":true}]}}