{"id":6423,"date":"2016-10-18T21:26:40","date_gmt":"2016-10-18T19:26:40","guid":{"rendered":"http:\/\/www.dannegru.com\/?p=6423"},"modified":"2016-10-18T21:26:40","modified_gmt":"2016-10-18T19:26:40","slug":"ioana","status":"publish","type":"post","link":"https:\/\/www.dannegru.com\/?p=6423","title":{"rendered":"Ioana&#8230;"},"content":{"rendered":"<p>1 Iunie va fi zi liber\u0103, cica asa au votat deputa\u021bii. Acu&#8217; le sugerez sa se urce intr-un<br \/>\nautobus si sa bat\u0103 drumurile \u021b\u0103rii. Pe Ioana, am g\u0103sit-o l\u00e2ng\u0103 Hadambu, pe un drum de tara, in Moldova.Are 9 ani si duce singura vacile la p\u0103scut, in fiecare zi! Se va bucura mult ca 1 Iunie e zi liber\u0103, nu? Pentru Ioana, si ceilalti ca ea, face cineva, ceva?<\/p>\n<p>  <a href=\"https:\/\/www.dannegru.com\/wp-content\/uploads\/2016\/10\/14650224_1274127035941568_163577585793025805_n.jpg\"><img loading=\"lazy\" decoding=\"async\" src=\"https:\/\/www.dannegru.com\/wp-content\/uploads\/2016\/10\/14650224_1274127035941568_163577585793025805_n-225x300.jpg\" alt=\"\" title=\"14650224_1274127035941568_163577585793025805_n\" width=\"225\" height=\"300\" class=\"aligncenter size-medium wp-image-6424\" srcset=\"https:\/\/www.dannegru.com\/wp-content\/uploads\/2016\/10\/14650224_1274127035941568_163577585793025805_n-225x300.jpg 225w, https:\/\/www.dannegru.com\/wp-content\/uploads\/2016\/10\/14650224_1274127035941568_163577585793025805_n.jpg 720w\" sizes=\"(max-width: 225px) 100vw, 225px\" \/><\/a><a href=\"https:\/\/www.dannegru.com\/wp-content\/uploads\/2016\/10\/14718585_1274127032608235_1253202164634682283_n.jpg\"><img loading=\"lazy\" decoding=\"async\" src=\"https:\/\/www.dannegru.com\/wp-content\/uploads\/2016\/10\/14718585_1274127032608235_1253202164634682283_n-300x220.jpg\" alt=\"\" title=\"14718585_1274127032608235_1253202164634682283_n\" width=\"300\" height=\"220\" class=\"aligncenter size-medium wp-image-6425\" srcset=\"https:\/\/www.dannegru.com\/wp-content\/uploads\/2016\/10\/14718585_1274127032608235_1253202164634682283_n-300x220.jpg 300w, https:\/\/www.dannegru.com\/wp-content\/uploads\/2016\/10\/14718585_1274127032608235_1253202164634682283_n.jpg 960w\" sizes=\"(max-width: 300px) 100vw, 300px\" \/><\/a><\/p>\n","protected":false},"excerpt":{"rendered":"<p>1 Iunie va fi zi liber\u0103, cica asa au votat deputa\u021bii. Acu&#8217; le sugerez sa se urce intr-un autobus si sa bat\u0103 drumurile \u021b\u0103rii. Pe Ioana, am g\u0103sit-o l\u00e2ng\u0103 Hadambu, pe un drum de tara, in Moldova.Are 9 ani si &hellip; <a href=\"https:\/\/www.dannegru.com\/?p=6423\">Continu\u0103 s\u0103 cite\u0219ti <span class=\"meta-nav\">&rarr;<\/span><\/a><\/p>\n","protected":false},"author":2,"featured_media":0,"comment_status":"open","ping_status":"open","sticky":false,"template":"","format":"standard","meta":{"_monsterinsights_skip_tracking":false,"_monsterinsights_sitenote_active":false,"_monsterinsights_sitenote_note":"","_monsterinsights_sitenote_category":0,"footnotes":""},"categories":[1],"tags":[],"class_list":["post-6423","post","type-post","status-publish","format-standard","hentry","category-scrise-cu-negru"],"_links":{"self":[{"href":"https:\/\/www.dannegru.com\/index.php?rest_route=\/wp\/v2\/posts\/6423"}],"collection":[{"href":"https:\/\/www.dannegru.com\/index.php?rest_route=\/wp\/v2\/posts"}],"about":[{"href":"https:\/\/www.dannegru.com\/index.php?rest_route=\/wp\/v2\/types\/post"}],"author":[{"embeddable":true,"href":"https:\/\/www.dannegru.com\/index.php?rest_route=\/wp\/v2\/users\/2"}],"replies":[{"embeddable":true,"href":"https:\/\/www.dannegru.com\/index.php?rest_route=%2Fwp%2Fv2%2Fcomments&post=6423"}],"version-history":[{"count":1,"href":"https:\/\/www.dannegru.com\/index.php?rest_route=\/wp\/v2\/posts\/6423\/revisions"}],"predecessor-version":[{"id":6426,"href":"https:\/\/www.dannegru.com\/index.php?rest_route=\/wp\/v2\/posts\/6423\/revisions\/6426"}],"wp:attachment":[{"href":"https:\/\/www.dannegru.com\/index.php?rest_route=%2Fwp%2Fv2%2Fmedia&parent=6423"}],"wp:term":[{"taxonomy":"category","embeddable":true,"href":"https:\/\/www.dannegru.com\/index.php?rest_route=%2Fwp%2Fv2%2Fcategories&post=6423"},{"taxonomy":"post_tag","embeddable":true,"href":"https:\/\/www.dannegru.com\/index.php?rest_route=%2Fwp%2Fv2%2Ftags&post=6423"}],"curies":[{"name":"wp","href":"https:\/\/api.w.org\/{rel}","templated":true}]}}