{"id":6416,"date":"2016-10-02T18:21:39","date_gmt":"2016-10-02T16:21:39","guid":{"rendered":"http:\/\/www.dannegru.com\/?p=6416"},"modified":"2016-10-02T18:21:39","modified_gmt":"2016-10-02T16:21:39","slug":"illy","status":"publish","type":"post","link":"https:\/\/www.dannegru.com\/?p=6416","title":{"rendered":"Illy"},"content":{"rendered":"<p>Am stat la taclale cu un ziarist pentru un interviu,azi dimineata.&#8221;Bre, Danut, are Timisoara ta vreo celebritate, vreun inventator, in afara de Tarzan?&#8221; ma intreaba ironic omu&#8217;. N-am apucat sa-i raspund ca a venit chelnerul. Amicul meu \u0219i-a comandat un espresso Illy&#8230;Ferenz Illy s-a n\u0103scut dintr-o mama nem\u021boaica si un tata ungur si-a inventat in 1933 primul aparat automat de cafea, bunicul espresso-ului de azi. Compania fondata acu&#8217; 83 de ani supravie\u021buie\u0219te si vinde milioane de cafele pe tot globul. Una a luat-o amicul meu, jurnalistu&#8217;. Habar n-avea ca b\u0103tr\u00e2nul Ferenz Illy, inventatorul ei, e unul din cei multi n\u0103scu\u021bi in Timisoara.<a href=\"https:\/\/www.dannegru.com\/wp-content\/uploads\/2016\/10\/14568175_1259453917408880_2047445126042941631_n.jpg\"><img loading=\"lazy\" decoding=\"async\" src=\"https:\/\/www.dannegru.com\/wp-content\/uploads\/2016\/10\/14568175_1259453917408880_2047445126042941631_n-300x243.jpg\" alt=\"\" title=\"14568175_1259453917408880_2047445126042941631_n\" width=\"300\" height=\"243\" class=\"aligncenter size-medium wp-image-6417\" srcset=\"https:\/\/www.dannegru.com\/wp-content\/uploads\/2016\/10\/14568175_1259453917408880_2047445126042941631_n-300x243.jpg 300w, https:\/\/www.dannegru.com\/wp-content\/uploads\/2016\/10\/14568175_1259453917408880_2047445126042941631_n.jpg 400w\" sizes=\"(max-width: 300px) 100vw, 300px\" \/><\/a><\/p>\n","protected":false},"excerpt":{"rendered":"<p>Am stat la taclale cu un ziarist pentru un interviu,azi dimineata.&#8221;Bre, Danut, are Timisoara ta vreo celebritate, vreun inventator, in afara de Tarzan?&#8221; ma intreaba ironic omu&#8217;. N-am apucat sa-i raspund ca a venit chelnerul. Amicul meu \u0219i-a comandat un &hellip; <a href=\"https:\/\/www.dannegru.com\/?p=6416\">Continu\u0103 s\u0103 cite\u0219ti <span class=\"meta-nav\">&rarr;<\/span><\/a><\/p>\n","protected":false},"author":2,"featured_media":0,"comment_status":"open","ping_status":"open","sticky":false,"template":"","format":"standard","meta":{"_monsterinsights_skip_tracking":false,"_monsterinsights_sitenote_active":false,"_monsterinsights_sitenote_note":"","_monsterinsights_sitenote_category":0,"footnotes":""},"categories":[1],"tags":[],"class_list":["post-6416","post","type-post","status-publish","format-standard","hentry","category-scrise-cu-negru"],"_links":{"self":[{"href":"https:\/\/www.dannegru.com\/index.php?rest_route=\/wp\/v2\/posts\/6416"}],"collection":[{"href":"https:\/\/www.dannegru.com\/index.php?rest_route=\/wp\/v2\/posts"}],"about":[{"href":"https:\/\/www.dannegru.com\/index.php?rest_route=\/wp\/v2\/types\/post"}],"author":[{"embeddable":true,"href":"https:\/\/www.dannegru.com\/index.php?rest_route=\/wp\/v2\/users\/2"}],"replies":[{"embeddable":true,"href":"https:\/\/www.dannegru.com\/index.php?rest_route=%2Fwp%2Fv2%2Fcomments&post=6416"}],"version-history":[{"count":1,"href":"https:\/\/www.dannegru.com\/index.php?rest_route=\/wp\/v2\/posts\/6416\/revisions"}],"predecessor-version":[{"id":6418,"href":"https:\/\/www.dannegru.com\/index.php?rest_route=\/wp\/v2\/posts\/6416\/revisions\/6418"}],"wp:attachment":[{"href":"https:\/\/www.dannegru.com\/index.php?rest_route=%2Fwp%2Fv2%2Fmedia&parent=6416"}],"wp:term":[{"taxonomy":"category","embeddable":true,"href":"https:\/\/www.dannegru.com\/index.php?rest_route=%2Fwp%2Fv2%2Fcategories&post=6416"},{"taxonomy":"post_tag","embeddable":true,"href":"https:\/\/www.dannegru.com\/index.php?rest_route=%2Fwp%2Fv2%2Ftags&post=6416"}],"curies":[{"name":"wp","href":"https:\/\/api.w.org\/{rel}","templated":true}]}}