{"id":6407,"date":"2016-09-20T19:33:38","date_gmt":"2016-09-20T17:33:38","guid":{"rendered":"http:\/\/www.dannegru.com\/?p=6407"},"modified":"2016-09-20T19:33:38","modified_gmt":"2016-09-20T17:33:38","slug":"secretul-lui-bachus","status":"publish","type":"post","link":"https:\/\/www.dannegru.com\/?p=6407","title":{"rendered":"Secretul lui Bachus"},"content":{"rendered":"<p>Demult, Mircea Albulescu mi-a povestit despre Stefan Mihailescu Braila,spun\u00e2ndu-mi ca nimeni nu-i mai stie numele. Azi, se fac 20 de ani de cand Mih\u0103ilescu Br\u0103ila a murit. In saracie si singuratate. Albulescu avea dreptate, nimeni nu-i mai stie numele. A facut un atac cerebral pierzandu-si memoria,a re\u00eenv\u0103\u021bat apoi alfabetul litera cu litera si a fost obligat sa re\u00eenve\u021be cuvintele din nou.Ultimele saptamani din via\u021ba si le-a petrecut singur intr-un spital.La inmormantarea lui au fost vreo 10 oameni. \u0218tefan Mih\u0103ilescu Br\u0103ila, cel din &#8222;Nea Marin Miliardar&#8221;,&#8221;Secretul lui Bachus&#8221;,&#8221;Cu m\u00e2inile curate&#8221;&#8230;20 de ani&#8230;<a href=\"https:\/\/www.dannegru.com\/wp-content\/uploads\/2016\/09\/14330071_1198880270153436_4785549455824713922_n.jpg\"><img loading=\"lazy\" decoding=\"async\" src=\"https:\/\/www.dannegru.com\/wp-content\/uploads\/2016\/09\/14330071_1198880270153436_4785549455824713922_n-300x251.jpg\" alt=\"\" title=\"14330071_1198880270153436_4785549455824713922_n\" width=\"300\" height=\"251\" class=\"aligncenter size-medium wp-image-6408\" srcset=\"https:\/\/www.dannegru.com\/wp-content\/uploads\/2016\/09\/14330071_1198880270153436_4785549455824713922_n-300x251.jpg 300w, https:\/\/www.dannegru.com\/wp-content\/uploads\/2016\/09\/14330071_1198880270153436_4785549455824713922_n.jpg 640w\" sizes=\"(max-width: 300px) 100vw, 300px\" \/><\/a><\/p>\n","protected":false},"excerpt":{"rendered":"<p>Demult, Mircea Albulescu mi-a povestit despre Stefan Mihailescu Braila,spun\u00e2ndu-mi ca nimeni nu-i mai stie numele. Azi, se fac 20 de ani de cand Mih\u0103ilescu Br\u0103ila a murit. In saracie si singuratate. Albulescu avea dreptate, nimeni nu-i mai stie numele. A &hellip; <a href=\"https:\/\/www.dannegru.com\/?p=6407\">Continu\u0103 s\u0103 cite\u0219ti <span class=\"meta-nav\">&rarr;<\/span><\/a><\/p>\n","protected":false},"author":2,"featured_media":0,"comment_status":"open","ping_status":"open","sticky":false,"template":"","format":"standard","meta":{"_monsterinsights_skip_tracking":false,"_monsterinsights_sitenote_active":false,"_monsterinsights_sitenote_note":"","_monsterinsights_sitenote_category":0,"footnotes":""},"categories":[1],"tags":[],"class_list":["post-6407","post","type-post","status-publish","format-standard","hentry","category-scrise-cu-negru"],"_links":{"self":[{"href":"https:\/\/www.dannegru.com\/index.php?rest_route=\/wp\/v2\/posts\/6407"}],"collection":[{"href":"https:\/\/www.dannegru.com\/index.php?rest_route=\/wp\/v2\/posts"}],"about":[{"href":"https:\/\/www.dannegru.com\/index.php?rest_route=\/wp\/v2\/types\/post"}],"author":[{"embeddable":true,"href":"https:\/\/www.dannegru.com\/index.php?rest_route=\/wp\/v2\/users\/2"}],"replies":[{"embeddable":true,"href":"https:\/\/www.dannegru.com\/index.php?rest_route=%2Fwp%2Fv2%2Fcomments&post=6407"}],"version-history":[{"count":1,"href":"https:\/\/www.dannegru.com\/index.php?rest_route=\/wp\/v2\/posts\/6407\/revisions"}],"predecessor-version":[{"id":6409,"href":"https:\/\/www.dannegru.com\/index.php?rest_route=\/wp\/v2\/posts\/6407\/revisions\/6409"}],"wp:attachment":[{"href":"https:\/\/www.dannegru.com\/index.php?rest_route=%2Fwp%2Fv2%2Fmedia&parent=6407"}],"wp:term":[{"taxonomy":"category","embeddable":true,"href":"https:\/\/www.dannegru.com\/index.php?rest_route=%2Fwp%2Fv2%2Fcategories&post=6407"},{"taxonomy":"post_tag","embeddable":true,"href":"https:\/\/www.dannegru.com\/index.php?rest_route=%2Fwp%2Fv2%2Ftags&post=6407"}],"curies":[{"name":"wp","href":"https:\/\/api.w.org\/{rel}","templated":true}]}}