{"id":6400,"date":"2016-09-11T20:29:06","date_gmt":"2016-09-11T18:29:06","guid":{"rendered":"http:\/\/www.dannegru.com\/?p=6400"},"modified":"2016-09-11T20:29:06","modified_gmt":"2016-09-11T18:29:06","slug":"911-2","status":"publish","type":"post","link":"https:\/\/www.dannegru.com\/?p=6400","title":{"rendered":"9\/11"},"content":{"rendered":"<p>Acu 15 ani, pe 9\/11, f\u0103ceam Academia Vedetelor si in seara aia show-ul a fost \u00eenlocuit de Observatorul cu Alessandra Stoicescu si Radu Cosarca. Televiziunile de \u0219tiri inca nu existau. Ca sa \u021bin\u0103 pasul cu informa\u021biile care veneau in fiecare minut,FOX a \u00eenceput sa difuzeze actualiz\u0103ri de informa\u021bii pe partea de jos a ecranului. Era ora 10,49. Atat de bine a fost primit\u0103 inven\u021bia \u00eenc\u00e2t FOX a continuat sa o foloseasc\u0103 in toate programele. Intre timp, inven\u021bia lor devenit o caracteristica a tuturor televiziunilor de \u0219tiri din lume. Banda cu informa\u021bii care trec in viteza in partea de jos a ecranului si care e azi la toate tv de \u0219tiri, a ap\u0103rut la 9\/11, inventata de FOX. Am rugat-o pe Sandra sa-mi dea cateva fotografii de atunci, ea a plecat la NY cu primele avioane care au \u00eenceput sa zboare spre America&#8230;<br \/>\nFotografia postat\u0103 de Dan Negru.<br \/>\n<a href=\"https:\/\/www.dannegru.com\/wp-content\/uploads\/2016\/09\/14322458_1241333572554248_5272867045846264331_n.jpg\"><img loading=\"lazy\" decoding=\"async\" src=\"https:\/\/www.dannegru.com\/wp-content\/uploads\/2016\/09\/14322458_1241333572554248_5272867045846264331_n-300x245.jpg\" alt=\"\" title=\"14322458_1241333572554248_5272867045846264331_n\" width=\"300\" height=\"245\" class=\"aligncenter size-medium wp-image-6401\" srcset=\"https:\/\/www.dannegru.com\/wp-content\/uploads\/2016\/09\/14322458_1241333572554248_5272867045846264331_n-300x245.jpg 300w, https:\/\/www.dannegru.com\/wp-content\/uploads\/2016\/09\/14322458_1241333572554248_5272867045846264331_n.jpg 954w\" sizes=\"(max-width: 300px) 100vw, 300px\" \/><\/a><\/p>\n","protected":false},"excerpt":{"rendered":"<p>Acu 15 ani, pe 9\/11, f\u0103ceam Academia Vedetelor si in seara aia show-ul a fost \u00eenlocuit de Observatorul cu Alessandra Stoicescu si Radu Cosarca. Televiziunile de \u0219tiri inca nu existau. Ca sa \u021bin\u0103 pasul cu informa\u021biile care veneau in fiecare &hellip; <a href=\"https:\/\/www.dannegru.com\/?p=6400\">Continu\u0103 s\u0103 cite\u0219ti <span class=\"meta-nav\">&rarr;<\/span><\/a><\/p>\n","protected":false},"author":2,"featured_media":0,"comment_status":"open","ping_status":"open","sticky":false,"template":"","format":"standard","meta":{"_monsterinsights_skip_tracking":false,"_monsterinsights_sitenote_active":false,"_monsterinsights_sitenote_note":"","_monsterinsights_sitenote_category":0,"footnotes":""},"categories":[1],"tags":[],"class_list":["post-6400","post","type-post","status-publish","format-standard","hentry","category-scrise-cu-negru"],"_links":{"self":[{"href":"https:\/\/www.dannegru.com\/index.php?rest_route=\/wp\/v2\/posts\/6400"}],"collection":[{"href":"https:\/\/www.dannegru.com\/index.php?rest_route=\/wp\/v2\/posts"}],"about":[{"href":"https:\/\/www.dannegru.com\/index.php?rest_route=\/wp\/v2\/types\/post"}],"author":[{"embeddable":true,"href":"https:\/\/www.dannegru.com\/index.php?rest_route=\/wp\/v2\/users\/2"}],"replies":[{"embeddable":true,"href":"https:\/\/www.dannegru.com\/index.php?rest_route=%2Fwp%2Fv2%2Fcomments&post=6400"}],"version-history":[{"count":1,"href":"https:\/\/www.dannegru.com\/index.php?rest_route=\/wp\/v2\/posts\/6400\/revisions"}],"predecessor-version":[{"id":6402,"href":"https:\/\/www.dannegru.com\/index.php?rest_route=\/wp\/v2\/posts\/6400\/revisions\/6402"}],"wp:attachment":[{"href":"https:\/\/www.dannegru.com\/index.php?rest_route=%2Fwp%2Fv2%2Fmedia&parent=6400"}],"wp:term":[{"taxonomy":"category","embeddable":true,"href":"https:\/\/www.dannegru.com\/index.php?rest_route=%2Fwp%2Fv2%2Fcategories&post=6400"},{"taxonomy":"post_tag","embeddable":true,"href":"https:\/\/www.dannegru.com\/index.php?rest_route=%2Fwp%2Fv2%2Ftags&post=6400"}],"curies":[{"name":"wp","href":"https:\/\/api.w.org\/{rel}","templated":true}]}}