{"id":6382,"date":"2016-08-02T08:17:35","date_gmt":"2016-08-02T06:17:35","guid":{"rendered":"http:\/\/www.dannegru.com\/?p=6382"},"modified":"2016-08-02T08:17:35","modified_gmt":"2016-08-02T06:17:35","slug":"monarhia","status":"publish","type":"post","link":"https:\/\/www.dannegru.com\/?p=6382","title":{"rendered":"Monarhia"},"content":{"rendered":"<p>Imi vine in minte un singur interviu televizat cu Regina Ana, cel al Eugeniei Vod\u0103 la &#8222;Profesioni\u0219tii&#8221;. Breasla mea a ocolit subiectul monarhiei. In anii &#8217;90 era interzis pe tv si dupa anii 2000 nu mai f\u0103cea audiente.Televiziunea din Romania a ocolit sau a str\u00e2mbat istoria monarhiei. Fotografia e f\u0103cut\u0103 la Savarsin, pe cand monarhi\u0219tii erau putini si n-aveau voie la televizor. Acu&#8217; sunt multi, peste tot.<a href=\"https:\/\/www.dannegru.com\/wp-content\/uploads\/2016\/08\/image.jpeg\"><img loading=\"lazy\" decoding=\"async\" src=\"https:\/\/www.dannegru.com\/wp-content\/uploads\/2016\/08\/image-300x300.jpg\" alt=\"\" title=\"image\" width=\"300\" height=\"300\" class=\"aligncenter size-medium wp-image-6383\" srcset=\"https:\/\/www.dannegru.com\/wp-content\/uploads\/2016\/08\/image-300x300.jpg 300w, https:\/\/www.dannegru.com\/wp-content\/uploads\/2016\/08\/image-150x150.jpg 150w, https:\/\/www.dannegru.com\/wp-content\/uploads\/2016\/08\/image.jpeg 640w\" sizes=\"(max-width: 300px) 100vw, 300px\" \/><\/a><\/p>\n","protected":false},"excerpt":{"rendered":"<p>Imi vine in minte un singur interviu televizat cu Regina Ana, cel al Eugeniei Vod\u0103 la &#8222;Profesioni\u0219tii&#8221;. Breasla mea a ocolit subiectul monarhiei. In anii &#8217;90 era interzis pe tv si dupa anii 2000 nu mai f\u0103cea audiente.Televiziunea din Romania &hellip; <a href=\"https:\/\/www.dannegru.com\/?p=6382\">Continu\u0103 s\u0103 cite\u0219ti <span class=\"meta-nav\">&rarr;<\/span><\/a><\/p>\n","protected":false},"author":2,"featured_media":0,"comment_status":"open","ping_status":"open","sticky":false,"template":"","format":"standard","meta":{"_monsterinsights_skip_tracking":false,"_monsterinsights_sitenote_active":false,"_monsterinsights_sitenote_note":"","_monsterinsights_sitenote_category":0,"footnotes":""},"categories":[1],"tags":[],"class_list":["post-6382","post","type-post","status-publish","format-standard","hentry","category-scrise-cu-negru"],"_links":{"self":[{"href":"https:\/\/www.dannegru.com\/index.php?rest_route=\/wp\/v2\/posts\/6382"}],"collection":[{"href":"https:\/\/www.dannegru.com\/index.php?rest_route=\/wp\/v2\/posts"}],"about":[{"href":"https:\/\/www.dannegru.com\/index.php?rest_route=\/wp\/v2\/types\/post"}],"author":[{"embeddable":true,"href":"https:\/\/www.dannegru.com\/index.php?rest_route=\/wp\/v2\/users\/2"}],"replies":[{"embeddable":true,"href":"https:\/\/www.dannegru.com\/index.php?rest_route=%2Fwp%2Fv2%2Fcomments&post=6382"}],"version-history":[{"count":1,"href":"https:\/\/www.dannegru.com\/index.php?rest_route=\/wp\/v2\/posts\/6382\/revisions"}],"predecessor-version":[{"id":6384,"href":"https:\/\/www.dannegru.com\/index.php?rest_route=\/wp\/v2\/posts\/6382\/revisions\/6384"}],"wp:attachment":[{"href":"https:\/\/www.dannegru.com\/index.php?rest_route=%2Fwp%2Fv2%2Fmedia&parent=6382"}],"wp:term":[{"taxonomy":"category","embeddable":true,"href":"https:\/\/www.dannegru.com\/index.php?rest_route=%2Fwp%2Fv2%2Fcategories&post=6382"},{"taxonomy":"post_tag","embeddable":true,"href":"https:\/\/www.dannegru.com\/index.php?rest_route=%2Fwp%2Fv2%2Ftags&post=6382"}],"curies":[{"name":"wp","href":"https:\/\/api.w.org\/{rel}","templated":true}]}}