{"id":6373,"date":"2016-07-17T23:09:49","date_gmt":"2016-07-17T21:09:49","guid":{"rendered":"http:\/\/www.dannegru.com\/?p=6373"},"modified":"2016-07-17T23:09:49","modified_gmt":"2016-07-17T21:09:49","slug":"linia-intai","status":"publish","type":"post","link":"https:\/\/www.dannegru.com\/?p=6373","title":{"rendered":"Linia \u00eent\u00e2i"},"content":{"rendered":"<p>Primul fotoreporter de razboi din lume a fost un roman,Carol Popp de Szathm\u00e1ri care a f\u0103cut in r\u0103zboiul Crimeei primele fotografii pe un front de lupta. Azi, nu stiu sa mai exista in Romania vreun fotoreporter de razboi&#8230;Am intrebat ieri un amic, redactor \u0219ef la o revista glossy si habar n-avea. Apoi, am sunat la c\u00e2\u021biva colegi din redac\u021biile de \u0219tiri. Au ridicat din umeri. Kemal Aslan e fotoreporter de razboi la Reuters si fotografia lui de la Istanbul face \u00eenconjurul planetei. O pisica, relaxata, in fata unei arme in timpul loviturii de stat din Turcia&#8230;Kemal e celebru pentru fotografii f\u0103cute in zone de conflict. E urma\u0219ul celui care a inventat meseria asta, un roman. Noi, n-o mai avem&#8230;Dar e ticsit\u0103 breasla de fotografi de gagici. La pl\u0103cinte inainte, la razboi&#8230;<a href=\"https:\/\/www.dannegru.com\/wp-content\/uploads\/2016\/07\/image.jpeg\"><img loading=\"lazy\" decoding=\"async\" src=\"https:\/\/www.dannegru.com\/wp-content\/uploads\/2016\/07\/image-300x199.jpg\" alt=\"\" title=\"image\" width=\"300\" height=\"199\" class=\"aligncenter size-medium wp-image-6374\" srcset=\"https:\/\/www.dannegru.com\/wp-content\/uploads\/2016\/07\/image-300x199.jpg 300w, https:\/\/www.dannegru.com\/wp-content\/uploads\/2016\/07\/image.jpeg 800w\" sizes=\"(max-width: 300px) 100vw, 300px\" \/><\/a><\/p>\n","protected":false},"excerpt":{"rendered":"<p>Primul fotoreporter de razboi din lume a fost un roman,Carol Popp de Szathm\u00e1ri care a f\u0103cut in r\u0103zboiul Crimeei primele fotografii pe un front de lupta. Azi, nu stiu sa mai exista in Romania vreun fotoreporter de razboi&#8230;Am intrebat ieri &hellip; <a href=\"https:\/\/www.dannegru.com\/?p=6373\">Continu\u0103 s\u0103 cite\u0219ti <span class=\"meta-nav\">&rarr;<\/span><\/a><\/p>\n","protected":false},"author":2,"featured_media":0,"comment_status":"open","ping_status":"open","sticky":false,"template":"","format":"standard","meta":{"_monsterinsights_skip_tracking":false,"_monsterinsights_sitenote_active":false,"_monsterinsights_sitenote_note":"","_monsterinsights_sitenote_category":0,"footnotes":""},"categories":[1],"tags":[],"class_list":["post-6373","post","type-post","status-publish","format-standard","hentry","category-scrise-cu-negru"],"_links":{"self":[{"href":"https:\/\/www.dannegru.com\/index.php?rest_route=\/wp\/v2\/posts\/6373"}],"collection":[{"href":"https:\/\/www.dannegru.com\/index.php?rest_route=\/wp\/v2\/posts"}],"about":[{"href":"https:\/\/www.dannegru.com\/index.php?rest_route=\/wp\/v2\/types\/post"}],"author":[{"embeddable":true,"href":"https:\/\/www.dannegru.com\/index.php?rest_route=\/wp\/v2\/users\/2"}],"replies":[{"embeddable":true,"href":"https:\/\/www.dannegru.com\/index.php?rest_route=%2Fwp%2Fv2%2Fcomments&post=6373"}],"version-history":[{"count":1,"href":"https:\/\/www.dannegru.com\/index.php?rest_route=\/wp\/v2\/posts\/6373\/revisions"}],"predecessor-version":[{"id":6375,"href":"https:\/\/www.dannegru.com\/index.php?rest_route=\/wp\/v2\/posts\/6373\/revisions\/6375"}],"wp:attachment":[{"href":"https:\/\/www.dannegru.com\/index.php?rest_route=%2Fwp%2Fv2%2Fmedia&parent=6373"}],"wp:term":[{"taxonomy":"category","embeddable":true,"href":"https:\/\/www.dannegru.com\/index.php?rest_route=%2Fwp%2Fv2%2Fcategories&post=6373"},{"taxonomy":"post_tag","embeddable":true,"href":"https:\/\/www.dannegru.com\/index.php?rest_route=%2Fwp%2Fv2%2Ftags&post=6373"}],"curies":[{"name":"wp","href":"https:\/\/api.w.org\/{rel}","templated":true}]}}