{"id":5300,"date":"2013-03-08T09:59:45","date_gmt":"2013-03-08T07:59:45","guid":{"rendered":"http:\/\/www.dannegru.com\/?p=5300"},"modified":"2013-03-08T09:59:45","modified_gmt":"2013-03-08T07:59:45","slug":"tovarasa","status":"publish","type":"post","link":"https:\/\/www.dannegru.com\/?p=5300","title":{"rendered":"Tovarasa&#8230;"},"content":{"rendered":"<p>         Nu am o nicio aplecare spre ziua internationala a femeii\u2026Dupa cum cred ca Pastele nu inseamna iepurasul ci Invierea lui Isus sau Craciunul n-are legatura cu mos Craciun imbracat in costum rosu. Spiritul Craciunul e Nasterea lui Isus!<\/p>\n<p>          Ziua de 8 martie a fost nascocita de Clara Zetkin, membra fondatoare a Partidului Comunist German. Ziua a fost proclamata cu ocazia celei de a doua Conferinte internationale a femeilor socialiste, c\u00e2nd pentru prima data s-a avut \u00een vedere propaganda pentru votul femeilor. Lenin s-a grabit sa adopte ziua asta ca ziua femeilor care muncesc. Tirziu, prin 1975 ONU a recunoscut oficial ziua femeii&#8230;<\/p>\n<p>        In Iran, \u00een 1982, citeva mii de femei au recurs la unul dintre cele mai curajoase gesturi ale existen\u0163ei lor: \u015fi-au dat la o parte, \u00eentreaga zi, v\u0103lul care le acoperea fa\u0163a, de 8 martie. E poate cel mai curajos gest facut vreodata de 8 martie&#8230;<\/p>\n<p>        <img loading=\"lazy\" decoding=\"async\" class=\"alignnone\" src=\"http:\/\/www.biografiasyvidas.com\/biografia\/z\/fotos\/zetkin.jpg\" alt=\"\" width=\"340\" height=\"291\" \/><\/p>\n","protected":false},"excerpt":{"rendered":"<p>Nu am o nicio aplecare spre ziua internationala a femeii\u2026Dupa cum cred ca Pastele nu inseamna iepurasul ci Invierea lui Isus sau Craciunul n-are legatura cu mos Craciun imbracat in costum rosu. Spiritul Craciunul e Nasterea lui Isus! Ziua de &hellip; <a href=\"https:\/\/www.dannegru.com\/?p=5300\">Continu\u0103 s\u0103 cite\u0219ti <span class=\"meta-nav\">&rarr;<\/span><\/a><\/p>\n","protected":false},"author":2,"featured_media":0,"comment_status":"open","ping_status":"open","sticky":false,"template":"","format":"standard","meta":{"_monsterinsights_skip_tracking":false,"_monsterinsights_sitenote_active":false,"_monsterinsights_sitenote_note":"","_monsterinsights_sitenote_category":0,"footnotes":""},"categories":[1],"tags":[],"class_list":["post-5300","post","type-post","status-publish","format-standard","hentry","category-scrise-cu-negru"],"_links":{"self":[{"href":"https:\/\/www.dannegru.com\/index.php?rest_route=\/wp\/v2\/posts\/5300"}],"collection":[{"href":"https:\/\/www.dannegru.com\/index.php?rest_route=\/wp\/v2\/posts"}],"about":[{"href":"https:\/\/www.dannegru.com\/index.php?rest_route=\/wp\/v2\/types\/post"}],"author":[{"embeddable":true,"href":"https:\/\/www.dannegru.com\/index.php?rest_route=\/wp\/v2\/users\/2"}],"replies":[{"embeddable":true,"href":"https:\/\/www.dannegru.com\/index.php?rest_route=%2Fwp%2Fv2%2Fcomments&post=5300"}],"version-history":[{"count":2,"href":"https:\/\/www.dannegru.com\/index.php?rest_route=\/wp\/v2\/posts\/5300\/revisions"}],"predecessor-version":[{"id":5302,"href":"https:\/\/www.dannegru.com\/index.php?rest_route=\/wp\/v2\/posts\/5300\/revisions\/5302"}],"wp:attachment":[{"href":"https:\/\/www.dannegru.com\/index.php?rest_route=%2Fwp%2Fv2%2Fmedia&parent=5300"}],"wp:term":[{"taxonomy":"category","embeddable":true,"href":"https:\/\/www.dannegru.com\/index.php?rest_route=%2Fwp%2Fv2%2Fcategories&post=5300"},{"taxonomy":"post_tag","embeddable":true,"href":"https:\/\/www.dannegru.com\/index.php?rest_route=%2Fwp%2Fv2%2Ftags&post=5300"}],"curies":[{"name":"wp","href":"https:\/\/api.w.org\/{rel}","templated":true}]}}