{"id":5151,"date":"2013-01-05T22:23:26","date_gmt":"2013-01-05T20:23:26","guid":{"rendered":"http:\/\/www.dannegru.com\/?p=5151"},"modified":"2013-01-05T22:23:26","modified_gmt":"2013-01-05T20:23:26","slug":"ceilalti-2","status":"publish","type":"post","link":"https:\/\/www.dannegru.com\/?p=5151","title":{"rendered":"Ceilalti"},"content":{"rendered":"<p>\u00a0<\/p>\n<p>\u00a0\u00a0\u00a0\u00a0\u00a0\u00a0\u00a0 Putem sa privim  cu interes filmele romanesti de dinainte de &#8216; 89 dar sa nu uitam adevarul istoric, idealurile comuniste pentru care luptau personajele principale ale multor astfel de filme au ingenunchiat si au distrus generatii! N-au fost idealuri castigatoare!<\/p>\n<p>\u00a0\u00a0\u00a0\u00a0\u00a0\u00a0\u00a0 Cred ca povestile care trebuiesc spuse sau ecranizate sunt cele ale unora ca Radu Gyr<br \/>\n    &#8230; Pentru ca detinutii din puscariile comuniste n-aveau voie sa aiba creioane sau hartie,\u00a0Gyr \u00a0scria poeziile intr-un mod inedit. Pe bucati de sticla\u00a0 sufla praf de la deratizare apoi scria cu degetul poezia . Bucatiile de sticla mergeau din mana in mana si unii dintre detinuti le invatau pe de rost&#8230; Asa le-au transmis mai departe&#8230;Recititi-l pe Radu Gyr sau descoperiti-l&#8230; Mie-mi place&#8230;\u00a0\u00a0\u00a0\u00a0\u00a0\u00a0\u00a0\u00a0<\/p>\n<p>\u00a0<\/p>\n<p>\u00a0\u00a0\u00a0\u00a0\u00a0\u00a0\u00a0\u00a0\u00a0\u00a0\u00a0\u00a0\u00a0\u00a0\u00a0\u00a0\u00a0\u00a0\u00a0\u00a0\u00a0\u00a0\u00a0\u00a0\u00a0 \u00a0&#8222;Ridica-te Gheorghe, ridica-te Ioane&#8221;&#8230;<\/p>\n<p>\u00a0\u00a0\u00a0<\/p>\n<div style=\"FLOAT: right; MARGIN: 0px 10px 5px 5px\"><script src=\"http:\/\/enterprisepost.com\/flame\/evb\/button.php\" type=\"text\/javascript\"><\/script><noscript><\/noscript><\/div>\n<p>Nu pentru-o lopat\u0103 de rumen\u0103 p\u00e2ine,<br \/>\nnu pentru patule, nu pentru pogoane,<br \/>\nci pentru v\u0103zduhul t\u0103u liber de m\u00e2ine,<br \/>\nridic\u0103-te, Gheorghe, ridic\u0103-te, Ioane!<\/p>\n<p>Pentru s\u00e2ngele neamului t\u0103u curs prin \u015fan\u0163uri,<br \/>\npentru c\u00e2ntecul t\u0103u \u0163intuit \u00een piroane,<br \/>\npentru lacrima soarelui t\u0103u pus \u00een lan\u0163uri,<br \/>\nridic\u0103-te, Gheorghe, ridic\u0103-te, Ioane!<\/p>\n<p>Nu pentru mania scr\u00e2\u015fnit\u0103-n m\u0103sele,<br \/>\nci ca s\u0103 aduni chiuind pe tapsane<br \/>\no claie de z\u0103ri \u015fi-o c\u0103ciula de stele,<br \/>\nridic\u0103-te, Gheorghe, ridic\u0103-te, Ioane!<\/p>\n<p>A\u015fa, ca s\u0103 bei libertatea din ciuturi<br \/>\n\u015fi-n ea s\u0103 te-afunzi ca un cer \u00een bulboane<br \/>\n\u015fi z\u0103rz\u0103rii ei peste tine s\u0103-i scuturi,<br \/>\nridic\u0103-te, Gheorghe, ridic\u0103-te, Ioane!<\/p>\n<p>\u015ei ca s\u0103 pui tot s\u0103rutul fierbinte<br \/>\npe praguri, pe prispe, pe u\u015fi, pe icoane,<br \/>\npe toate ce slobode-\u0163i ies inainte,<br \/>\nridic\u0103-te, Gheorghe, ridic\u0103-te, Ioane!<\/p>\n<p>Ridic\u0103-te, Gheorghe, pe lan\u0163uri, pe funii!<br \/>\nRidic\u0103-te, Ioane, pe sfinte ciolane!<br \/>\n\u015ei sus, spre lumina din urm\u0103-a furtunii,<br \/>\nridic\u0103-te, Gheorghe, ridic\u0103-te, Ioane!<\/p>\n<p>\u00a0\u00a0\u00a0\u00a0\u00a0\u00a0\u00a0\u00a0\u00a0\u00a0 <img loading=\"lazy\" decoding=\"async\" class=\"alignnone\" title=\"radu gyr\" src=\"http:\/\/2.bp.blogspot.com\/_0fRzyX-JoL4\/SW0FBa59AtI\/AAAAAAAAHzs\/rMdyh1A2x5g\/s400\/Radu+Gyr.jpg\" alt=\"\" width=\"272\" height=\"355\" \/><\/p>\n","protected":false},"excerpt":{"rendered":"<p>\u00a0 \u00a0\u00a0\u00a0\u00a0\u00a0\u00a0\u00a0 Putem sa privim cu interes filmele romanesti de dinainte de &#8216; 89 dar sa nu uitam adevarul istoric, idealurile comuniste pentru care luptau personajele principale ale multor astfel de filme au ingenunchiat si au distrus generatii! N-au fost &hellip; <a href=\"https:\/\/www.dannegru.com\/?p=5151\">Continu\u0103 s\u0103 cite\u0219ti <span class=\"meta-nav\">&rarr;<\/span><\/a><\/p>\n","protected":false},"author":2,"featured_media":0,"comment_status":"open","ping_status":"open","sticky":false,"template":"","format":"standard","meta":{"_monsterinsights_skip_tracking":false,"_monsterinsights_sitenote_active":false,"_monsterinsights_sitenote_note":"","_monsterinsights_sitenote_category":0,"footnotes":""},"categories":[1],"tags":[],"class_list":["post-5151","post","type-post","status-publish","format-standard","hentry","category-scrise-cu-negru"],"_links":{"self":[{"href":"https:\/\/www.dannegru.com\/index.php?rest_route=\/wp\/v2\/posts\/5151"}],"collection":[{"href":"https:\/\/www.dannegru.com\/index.php?rest_route=\/wp\/v2\/posts"}],"about":[{"href":"https:\/\/www.dannegru.com\/index.php?rest_route=\/wp\/v2\/types\/post"}],"author":[{"embeddable":true,"href":"https:\/\/www.dannegru.com\/index.php?rest_route=\/wp\/v2\/users\/2"}],"replies":[{"embeddable":true,"href":"https:\/\/www.dannegru.com\/index.php?rest_route=%2Fwp%2Fv2%2Fcomments&post=5151"}],"version-history":[{"count":2,"href":"https:\/\/www.dannegru.com\/index.php?rest_route=\/wp\/v2\/posts\/5151\/revisions"}],"predecessor-version":[{"id":5153,"href":"https:\/\/www.dannegru.com\/index.php?rest_route=\/wp\/v2\/posts\/5151\/revisions\/5153"}],"wp:attachment":[{"href":"https:\/\/www.dannegru.com\/index.php?rest_route=%2Fwp%2Fv2%2Fmedia&parent=5151"}],"wp:term":[{"taxonomy":"category","embeddable":true,"href":"https:\/\/www.dannegru.com\/index.php?rest_route=%2Fwp%2Fv2%2Fcategories&post=5151"},{"taxonomy":"post_tag","embeddable":true,"href":"https:\/\/www.dannegru.com\/index.php?rest_route=%2Fwp%2Fv2%2Ftags&post=5151"}],"curies":[{"name":"wp","href":"https:\/\/api.w.org\/{rel}","templated":true}]}}