{"id":4871,"date":"2012-09-26T23:21:04","date_gmt":"2012-09-26T21:21:04","guid":{"rendered":"http:\/\/www.dannegru.com\/?p=4871"},"modified":"2012-09-26T23:21:04","modified_gmt":"2012-09-26T21:21:04","slug":"din-respect-pentru-anda","status":"publish","type":"post","link":"https:\/\/www.dannegru.com\/?p=4871","title":{"rendered":"Din respect pentru Anda&#8230;"},"content":{"rendered":"<p>Am intrat -pe telefon- in direct la Capatos atunci cand am vazut-o la televizor pe fiica Andei Calugareanu&#8230;Doar sa le reamintesc tuturor ca ea, \u00a0Ioana, e fetita Andei si a lui Dan Tufaru&#8230;Sunt un mare iubitor de Anda Calugareanu&#8230;Candva, un apropiat de-al Andei mi-a povestit cite ceva despre ultimile ei zile&#8230;Cancerul la plamini a mistuit-o&#8230;In ultimile zile a tratat-o un biofizician faimos, Carol Przbila care l-a tratat si pe Ceausescu. Przbilla a stat citeva luni in preajma lui Einstein si era faimos la vremea aia&#8230;Anda n-a scapat&#8230;S-a stins in &#8217;92&#8230;<\/p>\n<p>Imi place Anda&#8230;O reascult adeseori&#8230;Ascultati-o&#8230;.Versurile sunt ale lui Labis.\u00a0\u00a0 In ultima lui zi, Labis vizitase &#8222;Cap\u015fa&#8221;, pentru o degustare, a vrut\u00a0 apoi s\u0103 ia tramvaiul pentru a se \u00eent\u00e2lni cu Maria Polevoi, iubita sa. Labi\u015f s-a dezechilibrat, s-a prins de gr\u0103tarul dintre vagoane, a c\u0103zut cu capul pe caldar\u00e2m. M\u0103duva spin\u0103rii \u00eei era sec\u0163ionat\u0103 (practic era decapitat \u015fi trupul paralizat). La spital mai era con\u015ftient, dar chirurgii nu l-au putut salva. Avea 21 de ani&#8230;Mereu m-am intrebat cum ar fi fost poezia lui Labis la 40 de ani? Dar la 60? El s-a oprit la 21&#8230;Labis si Anda&#8230;<br \/>\n<object classid=\"clsid:d27cdb6e-ae6d-11cf-96b8-444553540000\" width=\"480\" height=\"385\" codebase=\"http:\/\/download.macromedia.com\/pub\/shockwave\/cabs\/flash\/swflash.cab#version=6,0,40,0\"><param name=\"allowFullScreen\" value=\"true\" \/><param name=\"allowscriptaccess\" value=\"always\" \/><param name=\"src\" value=\"http:\/\/www.youtube.com\/v\/roAeSV9Xzvs&amp;hl=en_US&amp;fs=1&amp;\" \/><param name=\"allowfullscreen\" value=\"true\" \/><embed type=\"application\/x-shockwave-flash\" width=\"480\" height=\"385\" src=\"http:\/\/www.youtube.com\/v\/roAeSV9Xzvs&amp;hl=en_US&amp;fs=1&amp;\" allowscriptaccess=\"always\" allowfullscreen=\"true\"><\/embed><\/object><\/p>\n","protected":false},"excerpt":{"rendered":"<p>Am intrat -pe telefon- in direct la Capatos atunci cand am vazut-o la televizor pe fiica Andei Calugareanu&#8230;Doar sa le reamintesc tuturor ca ea, \u00a0Ioana, e fetita Andei si a lui Dan Tufaru&#8230;Sunt un mare iubitor de Anda Calugareanu&#8230;Candva, un &hellip; <a href=\"https:\/\/www.dannegru.com\/?p=4871\">Continu\u0103 s\u0103 cite\u0219ti <span class=\"meta-nav\">&rarr;<\/span><\/a><\/p>\n","protected":false},"author":2,"featured_media":0,"comment_status":"open","ping_status":"open","sticky":false,"template":"","format":"standard","meta":{"_monsterinsights_skip_tracking":false,"_monsterinsights_sitenote_active":false,"_monsterinsights_sitenote_note":"","_monsterinsights_sitenote_category":0,"footnotes":""},"categories":[1],"tags":[],"class_list":["post-4871","post","type-post","status-publish","format-standard","hentry","category-scrise-cu-negru"],"_links":{"self":[{"href":"https:\/\/www.dannegru.com\/index.php?rest_route=\/wp\/v2\/posts\/4871"}],"collection":[{"href":"https:\/\/www.dannegru.com\/index.php?rest_route=\/wp\/v2\/posts"}],"about":[{"href":"https:\/\/www.dannegru.com\/index.php?rest_route=\/wp\/v2\/types\/post"}],"author":[{"embeddable":true,"href":"https:\/\/www.dannegru.com\/index.php?rest_route=\/wp\/v2\/users\/2"}],"replies":[{"embeddable":true,"href":"https:\/\/www.dannegru.com\/index.php?rest_route=%2Fwp%2Fv2%2Fcomments&post=4871"}],"version-history":[{"count":2,"href":"https:\/\/www.dannegru.com\/index.php?rest_route=\/wp\/v2\/posts\/4871\/revisions"}],"predecessor-version":[{"id":4877,"href":"https:\/\/www.dannegru.com\/index.php?rest_route=\/wp\/v2\/posts\/4871\/revisions\/4877"}],"wp:attachment":[{"href":"https:\/\/www.dannegru.com\/index.php?rest_route=%2Fwp%2Fv2%2Fmedia&parent=4871"}],"wp:term":[{"taxonomy":"category","embeddable":true,"href":"https:\/\/www.dannegru.com\/index.php?rest_route=%2Fwp%2Fv2%2Fcategories&post=4871"},{"taxonomy":"post_tag","embeddable":true,"href":"https:\/\/www.dannegru.com\/index.php?rest_route=%2Fwp%2Fv2%2Ftags&post=4871"}],"curies":[{"name":"wp","href":"https:\/\/api.w.org\/{rel}","templated":true}]}}