{"id":2785,"date":"2011-01-14T23:47:30","date_gmt":"2011-01-14T21:47:30","guid":{"rendered":"http:\/\/www.dannegru.com\/?p=2785"},"modified":"2011-01-15T00:52:17","modified_gmt":"2011-01-14T22:52:17","slug":"nu-credeam","status":"publish","type":"post","link":"https:\/\/www.dannegru.com\/?p=2785","title":{"rendered":"Nu credeam&#8230;"},"content":{"rendered":"<p>\u00a0<\/p>\n<p>\u00a0\u00a0\u00a0\u00a0\u00a0Am avut curiozitatea saptamina asta sa caut articole, prin publicatii serioase, despre 15 ianuarie&#8230;Eminescu&#8230;Putine,rare si critice&#8230;<\/p>\n<p>\u00a0\u00a0\u00a0\u00a0 Nu sunt mare admirator de Eminescu, nu-mi place Eminescu lui &#8222;Ce-ti doresc eu tie&#8230;&#8217;Umbra mea&#8221; sau &#8222;Sarmanul Dionis&#8221; m-au miscat mai mult decit &#8222;Luceafarul&#8221;, adica mi-a placut mai mult proza lui decit poezia&#8230;Si dintre toate basmele abia astept sa-i citesc Darei ,fetita mea, &#8222;Fat Frumos din lacrima&#8221;&#8230;E poate cel mai slefuit basm cult romanesc&#8230;<\/p>\n<p>\u00a0\u00a0\u00a0\u00a0\u00a0\u00a0 Dincolo de toate insa, dupa mintea mea de profan intr-ale poeziei, Eminescu adevarat e cel din &#8222;Oda in metru antic&#8221; cu primul vers\u00a0 cu atitea verbe puse unul dupa altul&#8230;Inchinata\u00a0 lui Napoleon, &#8222;Oda in metru antic&#8221; e poate inceputul poeziei moderne&#8230;<\/p>\n<p>\u00a0\u00a0\u00a0\u00a0\u00a0\u00a0\u00a0\u00a0\u00a0 E ianuarie&#8230;inca&#8230;Asta-i Eminescu ce-mi place mie&#8230;<\/p>\n<div><span style=\"font-family: times new roman, times, serif; color: black; font-size: small;\">Nu credeam s\u0103-nv\u0103\u0163 a muri vreodat\u0103;<br \/>\nPururi t\u00e2n\u0103r, \u00eenf\u0103\u015furat \u00een manta-mi,<br \/>\nOchii mei \u2018n\u0103l\u0163am vis\u0103tori la steaua<br \/>\nSingur\u0103t\u0103\u0163ii.<\/span><\/div>\n<div><span style=\"font-family: times new roman, times, serif; color: black; font-size: small;\">C\u00e2nd deodat\u0103 tu r\u0103s\u0103ri\u015fi \u00een cale-mi,<br \/>\nSuferin\u0163\u0103 tu, dureros de dulce\u2026<br \/>\nP\u00e2n\u0103-n fund b\u0103ui voluptatea mor\u0163ii<br \/>\nNe-ndur\u0103toare.<\/span><\/div>\n<p><span style=\"font-family: times new roman, times, serif; color: black; font-size: small;\">Jalnic ard de viu chinuit ca Nessus,<br \/>\nOri ca hercul \u00eenveninat de haina-i;<br \/>\nFocul meu a-l stinge nu pot cu toate<br \/>\nApele m\u0103rii.<\/p>\n<p>De-al meu propriu vis mistuit m\u0103 vaiet,<br \/>\nPe-al meu propriu rug, m\u0103 topesc \u00een fl\u0103c\u0103ri\u2026<br \/>\nPot s\u0103 mai re-nviu luminos din el ca<br \/>\nPas\u0103rea Phoenix?<\/p>\n<p>Piar\u0103-mi ochii tulbur\u0103tori din cale,<br \/>\nVino iar \u00een s\u00e2n, nep\u0103sare trist\u0103;<br \/>\nCa s\u0103 pot muri lini\u015fiti, pe mine<br \/>\nMie red\u0103-ma!<\/p>\n<div><span style=\"font-family: times new roman, times, serif; color: black; font-size: small;\">\u00a0<\/span><\/div>\n<div><span style=\"font-family: times new roman, times, serif; color: black; font-size: small;\">\u00a0<\/span><\/div>\n<p><span style=\"font-family: times new roman, times, serif; color: black; font-size: small;\">\u00a0<\/p>\n<p><\/span><\/span><\/p>\n","protected":false},"excerpt":{"rendered":"<p>\u00a0 \u00a0\u00a0\u00a0\u00a0\u00a0Am avut curiozitatea saptamina asta sa caut articole, prin publicatii serioase, despre 15 ianuarie&#8230;Eminescu&#8230;Putine,rare si critice&#8230; \u00a0\u00a0\u00a0\u00a0 Nu sunt mare admirator de Eminescu, nu-mi place Eminescu lui &#8222;Ce-ti doresc eu tie&#8230;&#8217;Umbra mea&#8221; sau &#8222;Sarmanul Dionis&#8221; m-au miscat mai mult &hellip; <a href=\"https:\/\/www.dannegru.com\/?p=2785\">Continu\u0103 s\u0103 cite\u0219ti <span class=\"meta-nav\">&rarr;<\/span><\/a><\/p>\n","protected":false},"author":2,"featured_media":0,"comment_status":"open","ping_status":"open","sticky":false,"template":"","format":"standard","meta":{"_monsterinsights_skip_tracking":false,"_monsterinsights_sitenote_active":false,"_monsterinsights_sitenote_note":"","_monsterinsights_sitenote_category":0,"footnotes":""},"categories":[1],"tags":[],"class_list":["post-2785","post","type-post","status-publish","format-standard","hentry","category-scrise-cu-negru"],"_links":{"self":[{"href":"https:\/\/www.dannegru.com\/index.php?rest_route=\/wp\/v2\/posts\/2785"}],"collection":[{"href":"https:\/\/www.dannegru.com\/index.php?rest_route=\/wp\/v2\/posts"}],"about":[{"href":"https:\/\/www.dannegru.com\/index.php?rest_route=\/wp\/v2\/types\/post"}],"author":[{"embeddable":true,"href":"https:\/\/www.dannegru.com\/index.php?rest_route=\/wp\/v2\/users\/2"}],"replies":[{"embeddable":true,"href":"https:\/\/www.dannegru.com\/index.php?rest_route=%2Fwp%2Fv2%2Fcomments&post=2785"}],"version-history":[{"count":4,"href":"https:\/\/www.dannegru.com\/index.php?rest_route=\/wp\/v2\/posts\/2785\/revisions"}],"predecessor-version":[{"id":2788,"href":"https:\/\/www.dannegru.com\/index.php?rest_route=\/wp\/v2\/posts\/2785\/revisions\/2788"}],"wp:attachment":[{"href":"https:\/\/www.dannegru.com\/index.php?rest_route=%2Fwp%2Fv2%2Fmedia&parent=2785"}],"wp:term":[{"taxonomy":"category","embeddable":true,"href":"https:\/\/www.dannegru.com\/index.php?rest_route=%2Fwp%2Fv2%2Fcategories&post=2785"},{"taxonomy":"post_tag","embeddable":true,"href":"https:\/\/www.dannegru.com\/index.php?rest_route=%2Fwp%2Fv2%2Ftags&post=2785"}],"curies":[{"name":"wp","href":"https:\/\/api.w.org\/{rel}","templated":true}]}}