{"id":2053,"date":"2010-08-09T18:06:38","date_gmt":"2010-08-09T16:06:38","guid":{"rendered":"http:\/\/www.dannegru.com\/?p=2053"},"modified":"2010-08-09T18:06:38","modified_gmt":"2010-08-09T16:06:38","slug":"ioan-ianolide","status":"publish","type":"post","link":"https:\/\/www.dannegru.com\/?p=2053","title":{"rendered":"Ioan Ianolide"},"content":{"rendered":"<p>\u00a0<\/p>\n<p>\u00a0\u00a0\u00a0\u00a0\u00a0\u00a0\u00a0 De cite ori nu i-ati vazut la televizor pe arhitectul lui Ceausescu, prietenii lui Nicu Ceausescu, fostii lui ministrii&#8230;?<\/p>\n<p>\u00a0\u00a0\u00a0\u00a0\u00a0\u00a0\u00a0 De cite ori ati auzit vorbindu-se despre Ioan Ianolide?NICIODATA! Nimeni nu spune nimic despre astfel de oameni&#8230;Va reproduc un text pe care Ioan Ianolide l-a scris in 1963. M-a impresionat&#8230;<\/p>\n<p>\u00a0\u00a0\u00a0\u00a0\u00a0\u00a0\u00a0 &#8222;Sunt \u00een v\u00e2rst\u0103 de 64 de ani. Din 1941 p\u00e2n\u0103 \u00een 1964 am fost \u00een \u00eenchisoare, torturat \u015fi batjocorit \u2013 mai \u00eent\u00e2i sub dictatura lui Antonescu, apoi sub cea comunist\u0103\u2026.<br \/>\n\u00a0\u00a0\u00a0\u00a0\u00a0\u00a0\u00a0\u00a0\u00a0 L-am m\u0103rturisit pe Hristos \u00eentreaga mea via\u0163\u0103, iar \u00een 1944 m-am \u00eenchinat cu totul Lui. M-am confruntat mereu cu materialismul, fie el burghez, fie comunist. Am comparat \u015fi confruntat credin\u0163a cre\u015ftin\u0103 cu islamul, budismul, confucianismul \u015fi, fire\u015fte, cu iudaismul talmudic. Am comparat Ortodoxia cu Romano-Catolicismul, Protestantismul \u015fi neo-Protestantismul. Am dat o lupt\u0103 mare cu ateismul\u2026<br \/>\n\u00a0\u00a0\u00a0\u00a0\u00a0\u00a0\u00a0\u00a0\u00a0 Aproximativ 5 ani de zile m-am aflat \u00een izolare total\u0103, \u00eenfometat \u015fi dezbr\u0103cat. Mai mult de 15 ani am stat \u00een \u00eenc\u0103peri comune -unele mai mici, altele mai mari; am tr\u0103it acolo, zi \u015fi noapte, silit, ca \u015fi to\u0163i ceilal\u0163i, s\u0103 folosesc \u201e tineta \u201cpentru necesit\u0103\u0163ile fizice (un fel de h\u00e2rd\u0103u). Uneori eram \u00eengr\u0103m\u0103di\u0163i opt de\u0163inu\u0163i \u00eentr-o celul\u0103 de 2 metri patrati , dormind c\u00e2te doi, trei sau patru \u00eentr-un pat. Trupurile \u015fi sufletele ni se frecau unele de altele \u00een fiecare clip\u0103. Teroarea exercitat\u0103 de gardieni, foamea, frigul \u015fi bolile p\u0103reau de-a dreptul suportabile \u00een compara\u0163ie cu oroarea care se instala \u00eentre oameni diferi\u0163i, dispera\u0163i \u015fi adeseori dec\u0103zu\u0163i, descompu\u015fi.<\/p>\n<p>\u00a0\u00a0\u00a0\u00a0\u00a0\u00a0\u00a0\u00a0 Am fost la munci agricole timp de doi ani. Era o munc\u0103 de sclav, iar noi eram \u00eenfometa\u0163i \u015fi dezbr\u0103ca\u0163i. Lucram \u00een vii \u015fi gr\u0103dini de legume, dar muream de foame, pentru c\u0103 ne era strict interzis s\u0103 gust\u0103m un pic din fructe sau zarzavaturi. Timp de peste 20 de ani mi-a fost mereu foame \u015fi adeseori eram distrofic din cauza malnutri\u0163iei. Mi-a fost frig \u00een to\u0163i anii aceia de \u00eenchisoare. Am fost b\u0103tut, chinuit \u015fi torturat ani de zile, pentru distrugerea rezisten\u0163ei fizice \u015fi psihice [spirituale].<\/p>\n<p>\u00a0\u00a0\u00a0\u00a0\u00a0\u00a0\u00a0\u00a0\u00a0 Am cunoscut direct \u00eensp\u0103im\u00e2nt\u0103torul domeniu al tr\u0103irii sub limitele suportabilului. Ani \u00eentregi am fost amenin\u0163at cu moartea. Mi se cerea mereu \u201e sufletul\u201d din mine. Mi-au oferit adesea via\u0163a, prefer\u00e2nd perspectiva mor\u0163ii tocmai pentru a-mi salva sufletul, con\u015ftiin\u0163a, integritatea -\u015fi numai Dumnezeu m-a ferit de pr\u0103bu\u015fire. Nu exist\u0103 om care s\u0103 poat\u0103 rezista tuturor acestor chinuri. Mul\u0163i \u2013 mul\u0163i ani, cam 15, am fost terorizat cu spectrul \u201e re-educ\u0103rii\u201d \u00een scopul \u201erestructur\u0103rii\u201d mele \u015fi \u201esp\u0103l\u0103rii creierului\u201d. Doar purtarea de grij\u0103 a lui Dumnezeu m-a salvat. Am \u00eendurat teroarea din partea temnicerilor, dar \u015fi una \u015fi mai feroce din partea informatorilor \u015fi asasinilor din chiar r\u00e2ndurile de\u0163inu\u0163ilor, care trecuser\u0103 de partea puterii politice. Am cunoscut fiin\u0163e omene\u015fti dezam\u0103gite, cu expresii diavole\u015fti pe chipurile lor \u015fi care s\u0103v\u00e2r\u015feau fapte demonice. Am fost \u00eenconjurat de o atmosfer\u0103 de tov\u0103r\u0103\u015fie de demoni, care pendula \u00eentre r\u0103utate \u015fi criminalitate. Am purtat de grij\u0103 unor oameni pe moarte: unii dezn\u0103d\u0103jdui\u0163i, al\u0163ii \u00een stare de revolt\u0103, al\u0163ii calmi. Am v\u0103zut \u201esfin\u0163i\u201d care radiau lumin\u0103, murind \u00eentr-o atmosfer\u0103 cereasc\u0103. Am ascultat vorbind profesori, savan\u0163i, oameni de litere \u2014 \u015fi am \u00eenv\u0103\u0163at mai mult dec\u00e2t \u00eentr-o universitate. Am cunoscut comuni\u015fti \u015fi am cunoscut evrei \u00een \u00eenchisoare, am cunoscut de asemenea din cei care fuseser\u0103 la putere. Am \u00eengrijit chiar pe generalul care fusese pre\u015fedintele cur\u0163ii militare care a pronun\u0163at condamnarea mea. Mi-a fost dat ca s\u0103-i \u00eenchid ochii. Dup\u0103 ce \u00eei servise pe st\u0103p\u00e2ni, fusese azv\u00e2rlit \u015fi el \u00een temni\u0163\u0103.<\/p>\n<p>\u00a0\u00a0\u00a0\u00a0\u00a0 \u015ei pe to\u0163i i-am cernut prin Duhul lui Hristos \u00een Care m-am str\u0103duit toat\u0103 via\u0163a mea s\u0103 tr\u0103iesc. La cap\u0103tul acestei amare experien\u0163e numai Hristos r\u0103m\u00e2ne \u00een mine viu, \u00eentreg \u015fi ve\u015fnic\u2026&#8221;<\/p>\n<p>\u00a0\u00a0\u00a0\u00a0\u00a0\u00a0 Deseara o sa-i revedeti in talk-showuri pe arhitectii, ministrii, avocatii sau prietenii lui Ceausescu. Atunci amintiti-va de IOAN IANOLIDE&#8230;<\/p>\n","protected":false},"excerpt":{"rendered":"<p>\u00a0 \u00a0\u00a0\u00a0\u00a0\u00a0\u00a0\u00a0 De cite ori nu i-ati vazut la televizor pe arhitectul lui Ceausescu, prietenii lui Nicu Ceausescu, fostii lui ministrii&#8230;? \u00a0\u00a0\u00a0\u00a0\u00a0\u00a0\u00a0 De cite ori ati auzit vorbindu-se despre Ioan Ianolide?NICIODATA! Nimeni nu spune nimic despre astfel de oameni&#8230;Va reproduc &hellip; <a href=\"https:\/\/www.dannegru.com\/?p=2053\">Continu\u0103 s\u0103 cite\u0219ti <span class=\"meta-nav\">&rarr;<\/span><\/a><\/p>\n","protected":false},"author":2,"featured_media":0,"comment_status":"open","ping_status":"open","sticky":false,"template":"","format":"standard","meta":{"_monsterinsights_skip_tracking":false,"_monsterinsights_sitenote_active":false,"_monsterinsights_sitenote_note":"","_monsterinsights_sitenote_category":0,"footnotes":""},"categories":[1],"tags":[],"class_list":["post-2053","post","type-post","status-publish","format-standard","hentry","category-scrise-cu-negru"],"_links":{"self":[{"href":"https:\/\/www.dannegru.com\/index.php?rest_route=\/wp\/v2\/posts\/2053"}],"collection":[{"href":"https:\/\/www.dannegru.com\/index.php?rest_route=\/wp\/v2\/posts"}],"about":[{"href":"https:\/\/www.dannegru.com\/index.php?rest_route=\/wp\/v2\/types\/post"}],"author":[{"embeddable":true,"href":"https:\/\/www.dannegru.com\/index.php?rest_route=\/wp\/v2\/users\/2"}],"replies":[{"embeddable":true,"href":"https:\/\/www.dannegru.com\/index.php?rest_route=%2Fwp%2Fv2%2Fcomments&post=2053"}],"version-history":[{"count":2,"href":"https:\/\/www.dannegru.com\/index.php?rest_route=\/wp\/v2\/posts\/2053\/revisions"}],"predecessor-version":[{"id":2055,"href":"https:\/\/www.dannegru.com\/index.php?rest_route=\/wp\/v2\/posts\/2053\/revisions\/2055"}],"wp:attachment":[{"href":"https:\/\/www.dannegru.com\/index.php?rest_route=%2Fwp%2Fv2%2Fmedia&parent=2053"}],"wp:term":[{"taxonomy":"category","embeddable":true,"href":"https:\/\/www.dannegru.com\/index.php?rest_route=%2Fwp%2Fv2%2Fcategories&post=2053"},{"taxonomy":"post_tag","embeddable":true,"href":"https:\/\/www.dannegru.com\/index.php?rest_route=%2Fwp%2Fv2%2Ftags&post=2053"}],"curies":[{"name":"wp","href":"https:\/\/api.w.org\/{rel}","templated":true}]}}