{"id":1945,"date":"2010-07-22T23:28:08","date_gmt":"2010-07-22T21:28:08","guid":{"rendered":"http:\/\/www.dannegru.com\/?p=1945"},"modified":"2010-07-25T12:11:21","modified_gmt":"2010-07-25T10:11:21","slug":"si-cornul-suna-insa-foarte-putin","status":"publish","type":"post","link":"https:\/\/www.dannegru.com\/?p=1945","title":{"rendered":"Si cornul suna, insa foarte putin&#8230;"},"content":{"rendered":"<p>\u00a0<\/p>\n<p>\u00a0\u00a0\u00a0\u00a0 Vad o isterie media a sinuciderilor&#8230;Toti vorbesc despre ideea sinuciderii, despre depresiile care duc la sinucideri&#8230;<\/p>\n<p>\u00a0\u00a0\u00a0\u00a0\u00a0Sunt un om credincios deci am convingerea ca sinuciderea e o blasfemie&#8230;M-a impresionat insa o intimplare legata de o sinucidere in anul 2002&#8230;Atit de aproape si totusi atit de putin s-a vorbit despre ea&#8230;<\/p>\n<p>\u00a0\u00a0\u00a0\u00a0\u00a0\u00a0\u00a0 Stefan Augustin Doinas e unul din marii poeti ai lumii&#8230;In 1958 s-a casatorit cu Irinel Liciu , pe atunci prim balerina a Operei din Bucuresti. In 2002 , la 42 de ani de la casatoria lor, timp in care cei doi au fost nedespartiti, Doinas moare la spitalul Fundeni&#8230;In timpul vietii cei doi si-au promis unul altuia ca atunci cind unul va pleca celalalt il va urma&#8230;La o zi dupa moartea poetului, sotia sa a fost gasita moarta linga un bilet de adio pe care scria&#8230;&#8221;&#8221;Domnul meu \u015fi Dumnezeul meu, iarta-ma! Doina\u015f, dulcele meu, o prea mare iubire ucide&#8221;&#8230;<\/p>\n<p>\u00a0\u00a0\u00a0\u00a0\u00a0 Cit de putin s-a vorbit atunci de aceasta sinucidere&#8230;M-am gindit o vreme inainte de a scrie acest post, temindu-ma ca nu cumva, preluind ziarele ideea , sa fac rau amintind nenorocirea de atunci&#8230;Sa pun reflectorul pe peste discretia asternuta&#8230;Putini sunt cei care si-l amintesc pe Stefan Augustin Doinas asa&#8230;Sinuciderea sotiei sale a fost una din marile dovezi de iubire, a fost poate singura sinucidere care m-a marcat&#8230;Exceptind-o pe cea de acum, a Madalinei&#8230;<\/p>\n<p>\u00a0\u00a0\u00a0\u00a0\u00a0\u00a0\u00a0 Lumea e diferita, in unele religii , cum e cea ortodoxa,suicidul e considerat un pacat (eu m-am nascut intr-o astfel de religie si asta cred)&#8230;In unele culturi ea e vazuta ca o iesire onorabila din situatii stinjenitoare, umilitoare. Lumea e diferita si asta e frumusetea ei&#8230;<\/p>\n<p>\u00a0\u00a0\u00a0\u00a0\u00a0\u00a0\u00a0 Vad oameni care judeca la televizor fragilitatea Madalinei Manole si , ascultindu-i un disc ieri, am realizat ca tocmai fragilitatea asta\u00a0mie mi-a \u00a0placut, tocmai slabiciunea ei frumoasa, tristetea ei de prin toate melodiile\u00a0m-a \u00a0incintat&#8230;<\/p>\n<p>\u00a0\u00a0\u00a0\u00a0\u00a0\u00a0\u00a0 Madalina, mistretul lui Doinas , sinuciderea lui Irinel, sotia acestuia&#8230;Ce lume diferita si totusi asemanatoare&#8230;Va amintiti? &#8222;si cornul sunaaaaaa&#8230;.insa foarte putin&#8230;!&#8221;<\/p>\n<p>\u00a0\u00a0\u00a0\u00a0\u00a0\u00a0\u00a0\u00a0\u00a0\u00a0\u00a0 <span style=\"font-size: xx-small;\">Mistre\u0163ul cu col\u0163i de argint<\/span> -stefan augustin doinas-<\/p>\n<p>Un prin\u0163 din Levant \u00eendr\u0103gind v\u00e2n\u0103toarea<br \/>\nprin inim\u0103 neagr\u0103 de codru trecea.<br \/>\nCroindu-\u015fi cu greu prin ha\u0163i\u015furi c\u0103rarea,<br \/>\nc\u00e2nt\u0103 dintr-un flaut de os \u015fi zicea:<\/p>\n<p>&#8211; Veni\u0163i s\u0103 v\u00e2n\u0103m \u00een p\u0103duri nep\u0103trunse<br \/>\nmistre\u0163ul cu col\u0163i de argint, fioros,<br \/>\nce zilnic \u00ee\u015fi schimb\u0103 \u00een scorburi ascunse<br \/>\ncopita \u015fi blana \u015fi ochiul sticlos&#8230;<\/p>\n<p>&#8211; St\u0103p\u00e2ne, ziceau servitorii cu goarne,<br \/>\nmistre\u0163ul acela nu vine pe-aici.<br \/>\nMai bine s-abatem v\u00e2natul cu coarne,<br \/>\nori vulpile ro\u015fii, ori iepurii mici &#8230;<\/p>\n<p>Dar prin\u0163ul trecea z\u00e2mbitor \u00eenainte<br \/>\nprivea printre arbori atent la culori,<br \/>\nl\u0103s\u00e2nd \u00een culcu\u015f c\u0103prioara cuminte<br \/>\n\u015fi linxul ce r\u00e2de cu ochi sclipitori.<\/p>\n<p>Sub fagi el d\u0103dea buruiana-ntr-o parte:<br \/>\n&#8211; Privi\u0163i cum se-nv\u00e2rte f\u0103c\u00e2ndu-ne semn<br \/>\nmistre\u0163ul cu col\u0163i de argint, nu departe:<br \/>\nveni\u0163i s\u0103-l lovim cu s\u0103geat\u0103 de lemn!&#8230;<\/p>\n<p>&#8211; St\u0103p\u00e2ne, e apa juc\u00e2nd sub copaci,<br \/>\nzicea servitorul privindu-l iste\u0163.<br \/>\nDar el r\u0103spundea \u00eentorc\u00e2ndu-se: &#8211; Taci&#8230;<br \/>\n\u015ei apa sclipea ca un col\u0163 de mistre\u0163.<\/p>\n<p>Sub ulmi, el zorea risipite alaiuri:<br \/>\n&#8211; Privi\u0163i cum pufne\u015fte \u015fi scurm\u0103 stingher,<br \/>\nmistre\u0163ul cu col\u0163i de argint, peste plaiuri:<br \/>\nveni\u0163i s\u0103-l lovim cu s\u0103geat\u0103 de fier!&#8230;<\/p>\n<p>&#8211; St\u0103p\u00e2ne, e iarba fo\u015fnind sub copaci,<br \/>\nzicea servitorul z\u00e2mbind \u00eendr\u0103zne\u0163.<br \/>\nDar el r\u0103spundea \u00eentorc\u00e2ndu-se: &#8211; Taci&#8230;<br \/>\n\u015ei iarba sclipea ca un col\u0163 de mistre\u0163.<\/p>\n<p>Sub brazi, el strig\u0103 \u00eendemn\u00e2ndu-i spre creste:<br \/>\n&#8211; Privi\u0163i unde-\u015fi afl\u0103 odihn\u0103 \u015fi loc<br \/>\nmistre\u0163ul cu col\u0163i de argint, din poveste:<br \/>\nveni\u0163i s\u0103-l lovim cu s\u0103geat\u0103 de foc!&#8230;<\/p>\n<p>&#8211; St\u0103p\u00e2ne, e luna lucind prin copaci,<br \/>\nzicea servitorul r\u00e2z\u00e2nd cu dispre\u0163.<br \/>\nDar el r\u0103spunde \u00eentorc\u00e2ndu-se: &#8211; Taci&#8230;<br \/>\n\u015ei luna sclipea ca un col\u0163 de mistre\u0163.<\/p>\n<p>Dar vai! sub luceferii palizi ai bol\u0163ii<br \/>\ncum st\u0103 \u00een amurg, la izvor aplecat,<br \/>\nveni un mistre\u0163 uria\u015f, \u015fi cu col\u0163ii<br \/>\n\u00eel trase s\u0103lbatic prin colbul ro\u015fcat.<\/p>\n<p>&#8211; Ce fiar\u0103 ciudat\u0103 m\u0103 umple de s\u00e2nge,<br \/>\noprind v\u00e2n\u0103toarea mistre\u0163ului meu?<br \/>\nCe pas\u0103re neagr\u0103 st\u0103-n lun\u0103 \u015fi pl\u00e2nge?<br \/>\nCe ve\u015fted\u0103 frunz\u0103 m\u0103 bate mereu?&#8230;<\/p>\n<p>&#8211; St\u0103p\u00e2ne, mistre\u0163ul cu col\u0163i ca argintul,<br \/>\nchiar el te-a cuprins, groh\u0103ind, sub copaci.<br \/>\nAscult\u0103 cum latr\u0103 copoii gonindu-l&#8230;<br \/>\nDar prin\u0163ul r\u0103spunse-ntorc\u00e2ndu-se. &#8211; Taci.<\/p>\n<p>Mai bine ia cornul \u015fi sun\u0103 \u00eentruna.<br \/>\nS\u0103 suni p\u00e2n\u0103 mor, c\u0103tre cerul senin&#8230;<br \/>\nAtunci asfin\u0163i dup\u0103 creste luna<br \/>\n\u015fi cornul sun\u0103, \u00eens\u0103 foarte pu\u0163in.<br \/>\n<object classid=\"clsid:d27cdb6e-ae6d-11cf-96b8-444553540000\" width=\"480\" height=\"385\" codebase=\"http:\/\/download.macromedia.com\/pub\/shockwave\/cabs\/flash\/swflash.cab#version=6,0,40,0\"><param name=\"allowFullScreen\" value=\"true\" \/><param name=\"allowscriptaccess\" value=\"always\" \/><param name=\"src\" value=\"http:\/\/www.youtube.com\/v\/TWhEJX2meic&amp;hl=en_US&amp;fs=1\" \/><param name=\"allowfullscreen\" value=\"true\" \/><embed type=\"application\/x-shockwave-flash\" width=\"480\" height=\"385\" src=\"http:\/\/www.youtube.com\/v\/TWhEJX2meic&amp;hl=en_US&amp;fs=1\" allowfullscreen=\"true\" allowscriptaccess=\"always\"><\/embed><\/object><\/p>\n","protected":false},"excerpt":{"rendered":"<p>\u00a0 \u00a0\u00a0\u00a0\u00a0 Vad o isterie media a sinuciderilor&#8230;Toti vorbesc despre ideea sinuciderii, despre depresiile care duc la sinucideri&#8230; \u00a0\u00a0\u00a0\u00a0\u00a0Sunt un om credincios deci am convingerea ca sinuciderea e o blasfemie&#8230;M-a impresionat insa o intimplare legata de o sinucidere in anul &hellip; <a href=\"https:\/\/www.dannegru.com\/?p=1945\">Continu\u0103 s\u0103 cite\u0219ti <span class=\"meta-nav\">&rarr;<\/span><\/a><\/p>\n","protected":false},"author":2,"featured_media":0,"comment_status":"open","ping_status":"open","sticky":false,"template":"","format":"standard","meta":{"_monsterinsights_skip_tracking":false,"_monsterinsights_sitenote_active":false,"_monsterinsights_sitenote_note":"","_monsterinsights_sitenote_category":0,"footnotes":""},"categories":[1],"tags":[],"class_list":["post-1945","post","type-post","status-publish","format-standard","hentry","category-scrise-cu-negru"],"_links":{"self":[{"href":"https:\/\/www.dannegru.com\/index.php?rest_route=\/wp\/v2\/posts\/1945"}],"collection":[{"href":"https:\/\/www.dannegru.com\/index.php?rest_route=\/wp\/v2\/posts"}],"about":[{"href":"https:\/\/www.dannegru.com\/index.php?rest_route=\/wp\/v2\/types\/post"}],"author":[{"embeddable":true,"href":"https:\/\/www.dannegru.com\/index.php?rest_route=\/wp\/v2\/users\/2"}],"replies":[{"embeddable":true,"href":"https:\/\/www.dannegru.com\/index.php?rest_route=%2Fwp%2Fv2%2Fcomments&post=1945"}],"version-history":[{"count":3,"href":"https:\/\/www.dannegru.com\/index.php?rest_route=\/wp\/v2\/posts\/1945\/revisions"}],"predecessor-version":[{"id":1947,"href":"https:\/\/www.dannegru.com\/index.php?rest_route=\/wp\/v2\/posts\/1945\/revisions\/1947"}],"wp:attachment":[{"href":"https:\/\/www.dannegru.com\/index.php?rest_route=%2Fwp%2Fv2%2Fmedia&parent=1945"}],"wp:term":[{"taxonomy":"category","embeddable":true,"href":"https:\/\/www.dannegru.com\/index.php?rest_route=%2Fwp%2Fv2%2Fcategories&post=1945"},{"taxonomy":"post_tag","embeddable":true,"href":"https:\/\/www.dannegru.com\/index.php?rest_route=%2Fwp%2Fv2%2Ftags&post=1945"}],"curies":[{"name":"wp","href":"https:\/\/api.w.org\/{rel}","templated":true}]}}