{"id":1751,"date":"2010-08-06T18:09:49","date_gmt":"2010-08-06T16:09:49","guid":{"rendered":"http:\/\/www.dannegru.com\/?p=1751"},"modified":"2010-08-06T18:09:49","modified_gmt":"2010-08-06T16:09:49","slug":"reintoarcerea","status":"publish","type":"post","link":"https:\/\/www.dannegru.com\/?p=1751","title":{"rendered":"Reintoarcerea&#8230;"},"content":{"rendered":"<p>\u00a0\u00a0\u00a0\u00a0\u00a0\u00a0\u00a0 Nu mi s-a mai intimplat demult , am stat cu un prieten la taclale pe telefon despre fotbal si poezie. Amindoi stam in Bucuresti in zilele astea de canicula asa ca am avut timp berechet.\u00a0Asa, din vorba in vorba,mi-a adus aminte de Cosbuc&#8230;<\/p>\n<p>\u00a0\u00a0\u00a0\u00a0\u00a0\u00a0\u00a0\u00a0\u00a0\u00a0Pe mine Cosbuc ma misca mai mult decit Eminescu,\u00a0si-mi amintesc ca intr-o vreme a spune asa ceva era o adevarat blasfemie. Apoi a fost viceversa&#8230;Eminescu a ajuns sa fie pus la zid&#8230;Acum nici nu mai stiu cum e&#8230;<\/p>\n<p>\u00a0\u00a0\u00a0\u00a0\u00a0\u00a0\u00a0\u00a0\u00a0\u00a0\u00a0 Habar\u00a0n-am daca cineva mai cumpara poezie astazi.\u00a0Habar n-am in ce masura\u00a0se mai citeste\u00a0poezie. Pe mine ma apuca uneori , din pacate, recunosc, in ultima vreme, arareori&#8230;<\/p>\n<p>\u00a0\u00a0\u00a0\u00a0\u00a0\u00a0\u00a0 Ma intorc la Blaga, Esenin, Paunescu, Vieru, Omar Khayyam, Radu Gyr&#8230;<\/p>\n<p>\u00a0\u00a0\u00a0\u00a0\u00a0\u00a0\u00a0\u00a0\u00a0\u00a0\u00a0La Cosbuc mi se intimpla sa ma reintorc o data pe an&#8230;La cine va reintoarceti ? Mai tineti minte El Zorab? Am descoperit-o pe la vreo 15 ani si de atunci ma tot reintorc la ea&#8230;<\/p>\n<p>\u00a0\u00a0\u00a0\u00a0\u00a0\u00a0\u00a0\u00a0\u00a0\u00a0 El Zorab<\/p>\n<p>La pa\u015fa vine un arab,<br \/>\nCu ochii stin\u015fi, cu graiul slab.<br \/>\n&#8211; &#8222;Sunt, pa\u015f\u0103, neam de beduin,<br \/>\n\u015ei de la Bab-el-Manteb vin<br \/>\nS\u0103 v\u00e2nd pe El-Zorab.<\/p>\n<p>Arabii to\u0163i r\u0103sar din cort,<br \/>\nS\u0103-mi vad\u0103 roibul, c\u00e2nd \u00eel port<br \/>\n\u015ei-l joc \u00een fr\u00e2u \u015fi-l las \u00een trap!<br \/>\nMi-e drag ca ochii mei din cap<br \/>\n\u015ei nu l-a\u015f da nici mort.<\/p>\n<p>Dar trei copii de foame-mi mor!<br \/>\nUscat e cerul gurii lor;<br \/>\n\u015ei de amar \u00eendelungat,<br \/>\nNevestei mele i-a secat<br \/>\nAl laptelui izvor!<\/p>\n<p>Ai mei pierdu\u0163i sunt, pa\u015f\u0103, to\u0163i:<br \/>\nO, m\u00e2ntuie-i, de vrei, c\u0103 po\u0163i!<br \/>\nD\u0103-mi bani pe cal! C\u0103 sunt s\u0103rac!<br \/>\nD\u0103-mi bani! Dac\u0103-l g\u0103se\u015fti pe plac,<br \/>\nD\u0103-mi numai c\u00e2t soco\u0163i!<\/p>\n<p>El poart\u0103 calul, d\u00e2nd ocol,<br \/>\n\u00cen trap gr\u0103bit, \u00een pas domol,<br \/>\n\u015ei ochii pa\u015fei mari s-aprind;<br \/>\nC\u0103runta-i barb\u0103 netezind<br \/>\nSt\u0103 mut, de suflet gol.<\/p>\n<p>&#8211; &#8222;O mie de \u0163echini prime\u015fti?<br \/>\n&#8211; &#8222;O, pa\u015f\u0103, c\u00e2t de darnic e\u015fti!<br \/>\nMai mult dec\u00e2t \u00een visul meu!<br \/>\nS\u0103-\u0163i r\u0103spl\u0103teasc\u0103 Dumnezeu,<br \/>\nA\u015fa cum \u00eemi pl\u0103te\u015fti!<\/p>\n<p>Arabul ia, cu ochii plini<br \/>\nDe z\u00e2mbet, mia de \u0163echini &#8211;<br \/>\nDe-acum, de-acum ei sunt sc\u0103pa\u0163i,<br \/>\nDe-acum vor fi \u015fi ei boga\u0163i,<br \/>\nN-or cere la str\u0103ini!<\/p>\n<p>Nu vor tr\u0103i sub cort \u00een fum,<br \/>\nNu-i vor cer\u015fi copiii-n drum,<br \/>\nNevasta lui se va-ntrema;<br \/>\n\u015ei vor avea \u015fi ei ce da<br \/>\nS\u0103racilor de-acum! &#8211;<\/p>\n<p>El str\u00e2nge banii mai cu foc,<br \/>\n\u015ei pleac\u0103, beat de mult noroc,<br \/>\n\u015ei-alearg\u0103 dus d-un singur g\u00e2nd,<br \/>\nDeodat\u0103 \u00eens\u0103, tremur\u00e2nd,<br \/>\nSe-ntoarce, st\u0103 pe loc.<\/p>\n<p>Se uit\u0103 lung la bani, \u015fi pal<br \/>\nSe clatin\u0103, ca dus de-un val,<br \/>\nApoi la cal prive\u015fte drept;<br \/>\nCu pa\u015fii rari, cu fruntea-n piept,<br \/>\nS-apropie de cal.<\/p>\n<p>Cuprinde g\u00e2tul lui pl\u00e2ng\u00e2nd<br \/>\n\u015ei-n aspra-i coam\u0103 \u00eengrop\u00e2nd<br \/>\nObrajii palizi: &#8211; &#8222;Pui de leu,<br \/>\nSuspin\u0103 trist. Odorul meu,<br \/>\nTu \u015ftii c\u0103 eu te v\u00e2nd!<\/p>\n<p>Copiii mei nu s-or juca<br \/>\nMai mult cu frunze-n coama ta,<br \/>\nNu te-or petrece la izvor:<br \/>\nDe-acum smochini, din m\u00e2na lor,<br \/>\nEi n-or avea cui da!<\/p>\n<p>Ei nu vor mai ie\u015fi cu drag<br \/>\nS\u0103-ntind\u0103 m\u00e2inile din prag,<br \/>\nS\u0103-i iau cu mine-n \u015fea pe r\u00e2nd!<br \/>\nEi nu vor mai ie\u015fi r\u00e2z\u00e2nd<br \/>\n\u00cen calea mea \u015firag!<\/p>\n<p>Copiii mei cum s\u0103-i \u00eembun<br \/>\nNevestei mele ce s\u0103-i spun,<br \/>\nC\u00e2nd va-ntreba de El-Zorab<br \/>\nVa r\u00e2de-ntregul neam arab<br \/>\nDe bietul Ben-Ardun!<\/p>\n<p>Raira, tu, nevasta mea,<br \/>\nPe El-Zorab nu-l vei vedea<br \/>\nDe-acum, urm\u00e2ndu-te la pas,<br \/>\nNici \u00een genunchi la al t\u0103u glas<br \/>\nEl nu va mai c\u0103dea!<\/p>\n<p>Pe-Ardun al t\u0103u, pe Ben-Ardun,<br \/>\nN-ai s\u0103-l mai vezi \u00een zbor nebun<br \/>\nPe urma unui \u015foim u\u015for<br \/>\nCa s\u0103-\u0163i \u00eempu\u015fte \u015foimu-n zbor;<br \/>\nNu-i vei pofti: Drum bun!<\/p>\n<p>Nu vei z\u00e2mbi, cum salt\u0103-n v\u00e2nt<br \/>\nArdun al t\u0103u \u00een alb vestm\u00e2nt;<br \/>\n\u015ei ca s\u0103 sim\u0163i sosirea lui<br \/>\nMai mult de-acum tu n-o s\u0103 pui<br \/>\nUrechea la p\u0103m\u00e2nt!<\/p>\n<p>O, calul meu! Tu, fala mea,<br \/>\nDe-acum eu nu te voi vedea<br \/>\nCum \u0163ii tu n\u0103rile-n p\u0103m\u00e2nt<br \/>\n\u015ei coada ta fuior \u00een v\u00e2nt,<br \/>\n\u00cen zbor de r\u00e2ndunea!<\/p>\n<p>Cum mesteci spuma alb\u0103-n fr\u00e2u,<br \/>\nCum joci al coamei galben r\u00e2u.<br \/>\nCum iei p\u0103m\u00e2ntul \u00een galop<br \/>\n\u015ei cum te-a\u015fterni ca un potop<br \/>\nDe tr\u0103snete-n pustiu!<\/p>\n<p>\u015etia pustiul de noi doi<br \/>\n\u015ei zarea se-ngrozea de noi &#8211;<br \/>\n\u015ei tu de-acum al cui vei fi?<br \/>\n\u015ei cine te va mai scuti<br \/>\nDe v\u00e2nturi \u015fi de ploi?<\/p>\n<p>Nu vor gr\u0103i cu tine bl\u00e2nd,<br \/>\nTe-or \u00eenjura cu to\u0163i pe r\u00e2nd<br \/>\n\u015ei te vor bate,-odorul meu,<br \/>\n\u015ei te-or purta \u015fi mult, \u015fi greu;<br \/>\nL\u0103sa-te-vor fl\u0103m\u00e2nd!<\/p>\n<p>\u015ei te vor bate,-odorul meu,<br \/>\nS\u0103 mori tu, cel crescut de noi!&#8230;<br \/>\nIa-\u0163i banii, pa\u015f\u0103! Sunt s\u0103rac,<br \/>\nDar f\u0103r\u0103 cal eu ce s\u0103 fac:<br \/>\nD\u0103-mi calul \u00eenapoi!<\/p>\n<p>Se-ncrunt\u0103 pa\u015fa: &#8211; &#8222;E\u015fti nebun?<br \/>\nVoie\u015fti pe ianiceri s\u0103-i pun<br \/>\nS\u0103 te de-a c\u00e2inilor? A\u015fa!<br \/>\nE calul meu, \u015fi n-a\u015ftepta<br \/>\nDe dou\u0103 ori s\u0103-\u0163i spun!<\/p>\n<p>&#8211; Al t\u0103u? Acel care-l crescu<br \/>\nIubindu-l, cine-i: eu ori tu?<br \/>\nDe dreapta cui ascult\u0103 el,<br \/>\nDin leu turbat f\u0103c\u00e2ndu-l miel?<br \/>\nAl t\u0103u? O, pa\u015f\u0103, nu!<\/p>\n<p>Al meu e! Pentru calul meu<br \/>\nM\u0103 prind de piept cu Dumnezeu &#8211;<br \/>\nAi inim\u0103! Tu po\u0163i s\u0103 ai<br \/>\nMai vrednici \u015fi mai m\u00e2ndri cai,<br \/>\nDar eu, st\u0103p\u00e2ne, eu?<\/p>\n<p>\u00centreag\u0103 mila ta o cer!<br \/>\nAlah e drept \u015fi-Alah din cer<br \/>\nVa judeca ce-i \u00eentre noi,<br \/>\nC\u0103 m\u0103 r\u0103pe\u015fti \u015fi m\u0103 despoi,<br \/>\nM-arunci pe drum s\u0103 pier.<\/p>\n<p>\u015ei lumea te va blestema,<br \/>\nC\u0103-i blestem f\u0103ptuirea ta!<br \/>\nVoi merge, pa\u015f\u0103, s\u0103 cer\u015fesc,<br \/>\nDar mila voastr\u0103 n-o primesc &#8211;<br \/>\nCe bine-mi po\u0163i tu da?<\/p>\n<p>D\u0103 pa\u015fa semn. &#8211; &#8222;S\u0103-l dezbr\u0103ca\u0163i<br \/>\n\u015ei binele \u00een vergi i-l da\u0163i!<br \/>\nSar eunucii, vin, \u00eel prind &#8211;<br \/>\nSe-ntoarce-arabul r\u0103s\u0103rind<br \/>\nCu ochii \u00eenghe\u0163a\u0163i&#8230;<\/p>\n<p>El scoate grabnic un pumnal,<br \/>\n\u015ei-un val de s\u00e2nge, ro\u015fu val<br \/>\nDe s\u00e2nge cald a izvor\u00e2t<br \/>\nDin nobil-\u00eencomatul g\u00e2t,<br \/>\n\u015ei cade mortul cal.<\/p>\n<p>St\u0103 pa\u015fa beat, cu ochi topi\u0163i,<br \/>\nSe trag spahiii-ncremeni\u0163i.<br \/>\n\u015ei-arabul, \u00een genunchi plecat,<br \/>\nS\u0103rut\u0103 s\u00e2ngele-nchegat<br \/>\nPe ochii-n\u0163epeni\u0163i.<\/p>\n<p>S\u0103-ntoarce-apoi cu ochi p\u0103g\u00e2ni<br \/>\n\u015ei-arunc\u0103 fierul crunt din m\u00e2ini:<br \/>\n&#8211; &#8222;Te-or r\u0103zbuna copiii mei!<br \/>\n\u015ei-acum m\u0103 taie, dac\u0103 vrei,<br \/>\n\u015ei-arunc\u0103-m\u0103 la c\u00e2ini!<br \/>\n<object classid=\"clsid:d27cdb6e-ae6d-11cf-96b8-444553540000\" width=\"480\" height=\"385\" codebase=\"http:\/\/download.macromedia.com\/pub\/shockwave\/cabs\/flash\/swflash.cab#version=6,0,40,0\"><param name=\"allowFullScreen\" value=\"true\" \/><param name=\"allowscriptaccess\" value=\"always\" \/><param name=\"src\" value=\"http:\/\/www.youtube.com\/v\/A4HHiY9pkj0&amp;hl=en_US&amp;fs=1&amp;\" \/><param name=\"allowfullscreen\" value=\"true\" \/><embed type=\"application\/x-shockwave-flash\" width=\"480\" height=\"385\" src=\"http:\/\/www.youtube.com\/v\/A4HHiY9pkj0&amp;hl=en_US&amp;fs=1&amp;\" allowfullscreen=\"true\" allowscriptaccess=\"always\"><\/embed><\/object><\/p>\n","protected":false},"excerpt":{"rendered":"<p>\u00a0\u00a0\u00a0\u00a0\u00a0\u00a0\u00a0 Nu mi s-a mai intimplat demult , am stat cu un prieten la taclale pe telefon despre fotbal si poezie. Amindoi stam in Bucuresti in zilele astea de canicula asa ca am avut timp berechet.\u00a0Asa, din vorba in vorba,mi-a &hellip; <a href=\"https:\/\/www.dannegru.com\/?p=1751\">Continu\u0103 s\u0103 cite\u0219ti <span class=\"meta-nav\">&rarr;<\/span><\/a><\/p>\n","protected":false},"author":2,"featured_media":0,"comment_status":"open","ping_status":"open","sticky":false,"template":"","format":"standard","meta":{"_monsterinsights_skip_tracking":false,"_monsterinsights_sitenote_active":false,"_monsterinsights_sitenote_note":"","_monsterinsights_sitenote_category":0,"footnotes":""},"categories":[1],"tags":[],"class_list":["post-1751","post","type-post","status-publish","format-standard","hentry","category-scrise-cu-negru"],"_links":{"self":[{"href":"https:\/\/www.dannegru.com\/index.php?rest_route=\/wp\/v2\/posts\/1751"}],"collection":[{"href":"https:\/\/www.dannegru.com\/index.php?rest_route=\/wp\/v2\/posts"}],"about":[{"href":"https:\/\/www.dannegru.com\/index.php?rest_route=\/wp\/v2\/types\/post"}],"author":[{"embeddable":true,"href":"https:\/\/www.dannegru.com\/index.php?rest_route=\/wp\/v2\/users\/2"}],"replies":[{"embeddable":true,"href":"https:\/\/www.dannegru.com\/index.php?rest_route=%2Fwp%2Fv2%2Fcomments&post=1751"}],"version-history":[{"count":4,"href":"https:\/\/www.dannegru.com\/index.php?rest_route=\/wp\/v2\/posts\/1751\/revisions"}],"predecessor-version":[{"id":2042,"href":"https:\/\/www.dannegru.com\/index.php?rest_route=\/wp\/v2\/posts\/1751\/revisions\/2042"}],"wp:attachment":[{"href":"https:\/\/www.dannegru.com\/index.php?rest_route=%2Fwp%2Fv2%2Fmedia&parent=1751"}],"wp:term":[{"taxonomy":"category","embeddable":true,"href":"https:\/\/www.dannegru.com\/index.php?rest_route=%2Fwp%2Fv2%2Fcategories&post=1751"},{"taxonomy":"post_tag","embeddable":true,"href":"https:\/\/www.dannegru.com\/index.php?rest_route=%2Fwp%2Fv2%2Ftags&post=1751"}],"curies":[{"name":"wp","href":"https:\/\/api.w.org\/{rel}","templated":true}]}}