{"id":1418,"date":"2010-04-11T09:39:40","date_gmt":"2010-04-11T07:39:40","guid":{"rendered":"http:\/\/www.dannegru.com\/?p=1418"},"modified":"2010-04-11T23:02:43","modified_gmt":"2010-04-11T21:02:43","slug":"arabelarumburack-si-fratii-cartof","status":"publish","type":"post","link":"https:\/\/www.dannegru.com\/?p=1418","title":{"rendered":"Arabela,Rumburack si fratii Cartof&#8230;"},"content":{"rendered":"<p>\u00a0<\/p>\n<p>\u00a0\u00a0\u00a0\u00a0\u00a0\u00a0\u00a0\u00a0\u00a0\u00a0\u00a0Accidentul aviatic din Rusia va tine saptamina asta prima pagina&#8230;putini insa difuzeaza imagini cu gemenii Kaczynski de pe vremea cind aveau 12 ani si cind au\u00a0uimit lumea filmului polonez.\u00a0 In anii &#8217;60, Lech \u015fi Jaroslaw au jucat rolul unor fra\u0163i gemeni \u00eentr-un film pentru copii cu aceeas  chipa care mai tirziu avea sa produca celebrul serial &#8222;Arabela&#8221; .<br \/>\n            Ulterior, \u00een anii de mandat la conducerea Guvernului de c\u0103tre Jaroslaw, dar \u015fi a lui Lech la pre\u015fedin\u0163ie, presa polonez\u0103 de scandal deseori \u00eei supranumea, pe un ton ironic, &#8222;Fra\u0163ii Cartof&#8221;,porecla pe care o aveau atunci in film.<br \/>\n              Asa aratau la 12 ani&#8230;<br \/>\n<object classid=\"clsid:d27cdb6e-ae6d-11cf-96b8-444553540000\" width=\"480\" height=\"385\" codebase=\"http:\/\/download.macromedia.com\/pub\/shockwave\/cabs\/flash\/swflash.cab#version=6,0,40,0\"><param name=\"allowFullScreen\" value=\"true\" \/><param name=\"allowscriptaccess\" value=\"always\" \/><param name=\"src\" value=\"http:\/\/www.youtube.com\/v\/yxlSIhXAeQ4&amp;hl=en_US&amp;fs=1&amp;rel=0\" \/><param name=\"allowfullscreen\" value=\"true\" \/><embed type=\"application\/x-shockwave-flash\" width=\"480\" height=\"385\" src=\"http:\/\/www.youtube.com\/v\/yxlSIhXAeQ4&amp;hl=en_US&amp;fs=1&amp;rel=0\" allowfullscreen=\"true\" allowscriptaccess=\"always\"><\/embed><\/object><\/p>\n","protected":false},"excerpt":{"rendered":"<p>\u00a0 \u00a0\u00a0\u00a0\u00a0\u00a0\u00a0\u00a0\u00a0\u00a0\u00a0\u00a0Accidentul aviatic din Rusia va tine saptamina asta prima pagina&#8230;putini insa difuzeaza imagini cu gemenii Kaczynski de pe vremea cind aveau 12 ani si cind au\u00a0uimit lumea filmului polonez.\u00a0 In anii &#8217;60, Lech \u015fi Jaroslaw au jucat rolul unor &hellip; <a href=\"https:\/\/www.dannegru.com\/?p=1418\">Continu\u0103 s\u0103 cite\u0219ti <span class=\"meta-nav\">&rarr;<\/span><\/a><\/p>\n","protected":false},"author":2,"featured_media":0,"comment_status":"open","ping_status":"open","sticky":false,"template":"","format":"standard","meta":{"_monsterinsights_skip_tracking":false,"_monsterinsights_sitenote_active":false,"_monsterinsights_sitenote_note":"","_monsterinsights_sitenote_category":0,"footnotes":""},"categories":[1],"tags":[],"class_list":["post-1418","post","type-post","status-publish","format-standard","hentry","category-scrise-cu-negru"],"_links":{"self":[{"href":"https:\/\/www.dannegru.com\/index.php?rest_route=\/wp\/v2\/posts\/1418"}],"collection":[{"href":"https:\/\/www.dannegru.com\/index.php?rest_route=\/wp\/v2\/posts"}],"about":[{"href":"https:\/\/www.dannegru.com\/index.php?rest_route=\/wp\/v2\/types\/post"}],"author":[{"embeddable":true,"href":"https:\/\/www.dannegru.com\/index.php?rest_route=\/wp\/v2\/users\/2"}],"replies":[{"embeddable":true,"href":"https:\/\/www.dannegru.com\/index.php?rest_route=%2Fwp%2Fv2%2Fcomments&post=1418"}],"version-history":[{"count":5,"href":"https:\/\/www.dannegru.com\/index.php?rest_route=\/wp\/v2\/posts\/1418\/revisions"}],"predecessor-version":[{"id":1423,"href":"https:\/\/www.dannegru.com\/index.php?rest_route=\/wp\/v2\/posts\/1418\/revisions\/1423"}],"wp:attachment":[{"href":"https:\/\/www.dannegru.com\/index.php?rest_route=%2Fwp%2Fv2%2Fmedia&parent=1418"}],"wp:term":[{"taxonomy":"category","embeddable":true,"href":"https:\/\/www.dannegru.com\/index.php?rest_route=%2Fwp%2Fv2%2Fcategories&post=1418"},{"taxonomy":"post_tag","embeddable":true,"href":"https:\/\/www.dannegru.com\/index.php?rest_route=%2Fwp%2Fv2%2Ftags&post=1418"}],"curies":[{"name":"wp","href":"https:\/\/api.w.org\/{rel}","templated":true}]}}